{"id":10005,"date":"2020-05-17T20:00:51","date_gmt":"2020-05-17T18:00:51","guid":{"rendered":"https:\/\/latraversiere.fr\/?p=10005"},"modified":"2021-11-14T08:07:12","modified_gmt":"2021-11-14T07:07:12","slug":"les-concerts-de-pan-episode-10-karg-elert","status":"publish","type":"post","link":"https:\/\/latraversiere.fr\/en\/webzine\/videos\/les-concerts-de-pan-episode-10-karg-elert\/","title":{"rendered":"Les Concerts de Pan \u2013 Episode 10 \u2013 KARG-ELERT"},"content":{"rendered":"<p class=\"qtranxs-available-languages-message qtranxs-available-languages-message-en\">Sorry, this entry is only available in <a href=\"https:\/\/latraversiere.fr\/fr\/wp-json\/wp\/v2\/posts\/10005\" class=\"qtranxs-available-language-link qtranxs-available-language-link-fr\" title=\"Fran\u00e7ais\">French<\/a>. For the sake of viewer convenience, the content is shown below in the alternative language. You may click the link to switch the active language.<\/p><p>Alexis Kossenko interpr\u00e8te le Caprice n\u00b0 21 &#8220;In Tempo di Walzer&#8221; de Siegfried KARG-ELERT (1877-1933), pour ce nouvel \u00e9pisode des Concerts de Pan, sur une fl\u00fbte cylindrique syst\u00e8me Boehm r\u00e9alis\u00e9e par Kohlert &#038; S\u00f6hne, Graslitz \/ Kraslice (ca.1890-1900) | A = 439<\/p>\n<p><iframe loading=\"lazy\" title=\"KARG-ELERT - Etude \/ Caprice n\u00b0 21 op.107 - Alexis Kossenko (LCDP #10)\" width=\"980\" height=\"551\" src=\"https:\/\/www.youtube.com\/embed\/HJ0ul5Hf4ZI?feature=oembed\" frameborder=\"0\" allow=\"accelerometer; autoplay; clipboard-write; encrypted-media; gyroscope; picture-in-picture\" allowfullscreen><\/iframe><\/p>\n<p><em>\u00a9 Les Concerts de Pan &#8211; R\u00e9alisation : Colin Laurent \/\/ www.colinlaurent.com<\/em><\/p>\n<h4>PARTITION<\/h4>\n<div class=\"section-title-line\" style=\"display:block !important; float:left; margin:0px;\"><\/div>\n\n<p><em>Source : <a href=\"https:\/\/imslp.org\" rel=\"noopener noreferrer\" target=\"_blank\">IMSLP<\/a><\/em><br \/>\n<\/p>","protected":false},"excerpt":{"rendered":"<p>Sorry, this entry is only available in French. For the sake of viewer convenience, the content is shown below in the alternative language. You may click the link to switch the active language.Alexis Kossenko interpr\u00e8te le Caprice n\u00b0 21 &#8220;In Tempo di Walzer&#8221; de Siegfried KARG-ELERT (1877-1933), pour ce nouvel \u00e9pisode des Concerts de Pan, [&hellip;]<\/p>\n","protected":false},"author":1,"featured_media":10006,"comment_status":"closed","ping_status":"open","sticky":false,"template":"","format":"video","meta":[],"categories":[227,228,226],"tags":[234],"yoast_head":"<!-- This site is optimized with the Yoast SEO plugin v17.5 - https:\/\/yoast.com\/wordpress\/plugins\/seo\/ -->\n<title><\/title>\n<meta name=\"robots\" content=\"index, follow, max-snippet:-1, max-image-preview:large, max-video-preview:-1\" \/>\n<link rel=\"canonical\" href=\"https:\/\/latraversiere.fr\/webzine\/videos\/les-concerts-de-pan-episode-10-karg-elert\/\" \/>\n<meta property=\"og:locale\" content=\"en_US\" \/>\n<meta property=\"og:type\" content=\"article\" \/>\n<meta property=\"og:title\" content=\"[:fr]Les Concerts de Pan \u2013 Episode 10 \u2013 KARG-ELERT[:] - LA TRAVERSIERE The french flute association\" \/>\n<meta property=\"og:description\" content=\"Sorry, this entry is only available in French. For the sake of viewer convenience, the content is shown below in the alternative language. You may click the link to switch the active language.Alexis Kossenko interpr\u00e8te le Caprice n\u00b0 21 &#8220;In Tempo di Walzer&#8221; de Siegfried KARG-ELERT (1877-1933), pour ce nouvel \u00e9pisode des Concerts de Pan, [&hellip;]\" \/>\n<meta property=\"og:url\" content=\"https:\/\/latraversiere.fr\/webzine\/videos\/les-concerts-de-pan-episode-10-karg-elert\/\" \/>\n<meta property=\"og:site_name\" content=\"LA TRAVERSIERE The french flute association\" \/>\n<meta property=\"article:publisher\" content=\"https:\/\/www.facebook.com\/traversieres\/\" \/>\n<meta property=\"article:published_time\" content=\"2020-05-17T18:00:51+00:00\" \/>\n<meta property=\"article:modified_time\" content=\"2021-11-14T07:07:12+00:00\" \/>\n<meta property=\"og:image\" content=\"https:\/\/latraversiere.fr\/wp-content\/uploads\/2020\/05\/10-KARG-ELERT-Caprice21.jpg\" \/>\n\t<meta property=\"og:image:width\" content=\"600\" \/>\n\t<meta property=\"og:image:height\" content=\"513\" \/>\n<meta name=\"twitter:card\" content=\"summary\" \/>\n<meta name=\"twitter:creator\" content=\"@La_Traversiere\" \/>\n<meta name=\"twitter:site\" content=\"@La_Traversiere\" \/>\n<meta name=\"twitter:label1\" content=\"Written by\" \/>\n\t<meta name=\"twitter:data1\" content=\"Thomas MALLET\" \/>\n<script type=\"application\/ld+json\" class=\"yoast-schema-graph\">{\"@context\":\"https:\/\/schema.org\",\"@graph\":[{\"@type\":\"Organization\",\"@id\":\"https:\/\/latraversiere.fr\/#organization\",\"name\":\"La Traversi\\u00e8re - Association Fran\\u00e7aise de la Fl\\u00fbte\",\"url\":\"https:\/\/latraversiere.fr\/\",\"sameAs\":[\"https:\/\/www.facebook.com\/traversieres\/\",\"https:\/\/www.instagram.com\/la_traversiere\/\",\"https:\/\/www.youtube.com\/channel\/UC46MEQZI2BfRZNFUFqc59Sw\",\"https:\/\/twitter.com\/La_Traversiere\"],\"logo\":{\"@type\":\"ImageObject\",\"@id\":\"https:\/\/latraversiere.fr\/#logo\",\"inLanguage\":\"en-US\",\"url\":\"https:\/\/latraversiere.fr\/wp-content\/uploads\/2018\/01\/LOGO-Traversiere-SITE-1.png\",\"contentUrl\":\"https:\/\/latraversiere.fr\/wp-content\/uploads\/2018\/01\/LOGO-Traversiere-SITE-1.png\",\"width\":539,\"height\":200,\"caption\":\"La Traversi\\u00e8re - Association Fran\\u00e7aise de la Fl\\u00fbte\"},\"image\":{\"@id\":\"https:\/\/latraversiere.fr\/#logo\"}},{\"@type\":\"WebSite\",\"@id\":\"https:\/\/latraversiere.fr\/#website\",\"url\":\"https:\/\/latraversiere.fr\/\",\"name\":\"LA TRAVERSIERE The french flute association\",\"description\":\"\",\"publisher\":{\"@id\":\"https:\/\/latraversiere.fr\/#organization\"},\"potentialAction\":[{\"@type\":\"SearchAction\",\"target\":{\"@type\":\"EntryPoint\",\"urlTemplate\":\"https:\/\/latraversiere.fr\/?s={search_term_string}\"},\"query-input\":\"required name=search_term_string\"}],\"inLanguage\":\"en-US\"},{\"@type\":\"ImageObject\",\"@id\":\"https:\/\/latraversiere.fr\/webzine\/videos\/les-concerts-de-pan-episode-10-karg-elert\/#primaryimage\",\"inLanguage\":\"en-US\",\"url\":\"https:\/\/latraversiere.fr\/wp-content\/uploads\/2020\/05\/10-KARG-ELERT-Caprice21.jpg\",\"contentUrl\":\"https:\/\/latraversiere.fr\/wp-content\/uploads\/2020\/05\/10-KARG-ELERT-Caprice21.jpg\",\"width\":600,\"height\":513},{\"@type\":\"WebPage\",\"@id\":\"https:\/\/latraversiere.fr\/webzine\/videos\/les-concerts-de-pan-episode-10-karg-elert\/#webpage\",\"url\":\"https:\/\/latraversiere.fr\/webzine\/videos\/les-concerts-de-pan-episode-10-karg-elert\/\",\"name\":\"[:fr]Les Concerts de Pan \\u2013 Episode 10 \\u2013 KARG-ELERT[:] - LA TRAVERSIERE The french flute association\",\"isPartOf\":{\"@id\":\"https:\/\/latraversiere.fr\/#website\"},\"primaryImageOfPage\":{\"@id\":\"https:\/\/latraversiere.fr\/webzine\/videos\/les-concerts-de-pan-episode-10-karg-elert\/#primaryimage\"},\"datePublished\":\"2020-05-17T18:00:51+00:00\",\"dateModified\":\"2021-11-14T07:07:12+00:00\",\"breadcrumb\":{\"@id\":\"https:\/\/latraversiere.fr\/webzine\/videos\/les-concerts-de-pan-episode-10-karg-elert\/#breadcrumb\"},\"inLanguage\":\"en-US\",\"potentialAction\":[{\"@type\":\"ReadAction\",\"target\":[\"https:\/\/latraversiere.fr\/webzine\/videos\/les-concerts-de-pan-episode-10-karg-elert\/\"]}]},{\"@type\":\"BreadcrumbList\",\"@id\":\"https:\/\/latraversiere.fr\/webzine\/videos\/les-concerts-de-pan-episode-10-karg-elert\/#breadcrumb\",\"itemListElement\":[{\"@type\":\"ListItem\",\"position\":1,\"name\":\"Accueil\",\"item\":\"https:\/\/latraversiere.fr\/\"},{\"@type\":\"ListItem\",\"position\":2,\"name\":\"Les Concerts de Pan \\u2013 Episode 10 \\u2013 KARG-ELERT\"}]},{\"@type\":\"Article\",\"@id\":\"https:\/\/latraversiere.fr\/webzine\/videos\/les-concerts-de-pan-episode-10-karg-elert\/#article\",\"isPartOf\":{\"@id\":\"https:\/\/latraversiere.fr\/webzine\/videos\/les-concerts-de-pan-episode-10-karg-elert\/#webpage\"},\"author\":{\"@id\":\"https:\/\/latraversiere.fr\/#\/schema\/person\/49ed1d29827f483eda3a44dec9c62b39\"},\"headline\":\"Les Concerts de Pan \\u2013 Episode 10 \\u2013 KARG-ELERT\",\"datePublished\":\"2020-05-17T18:00:51+00:00\",\"dateModified\":\"2021-11-14T07:07:12+00:00\",\"mainEntityOfPage\":{\"@id\":\"https:\/\/latraversiere.fr\/webzine\/videos\/les-concerts-de-pan-episode-10-karg-elert\/#webpage\"},\"wordCount\":102,\"publisher\":{\"@id\":\"https:\/\/latraversiere.fr\/#organization\"},\"image\":{\"@id\":\"https:\/\/latraversiere.fr\/webzine\/videos\/les-concerts-de-pan-episode-10-karg-elert\/#primaryimage\"},\"thumbnailUrl\":\"https:\/\/latraversiere.fr\/wp-content\/uploads\/2020\/05\/10-KARG-ELERT-Caprice21.jpg\",\"keywords\":[\"Alexis Kossenko\"],\"articleSection\":[\"Facture\",\"Histoire\",\"Vid\\u00e9os\"],\"inLanguage\":\"en-US\"},{\"@type\":\"Person\",\"@id\":\"https:\/\/latraversiere.fr\/#\/schema\/person\/49ed1d29827f483eda3a44dec9c62b39\",\"name\":\"Thomas MALLET\",\"image\":{\"@type\":\"ImageObject\",\"@id\":\"https:\/\/latraversiere.fr\/#personlogo\",\"inLanguage\":\"en-US\",\"url\":\"https:\/\/secure.gravatar.com\/avatar\/74ac6f0286bcefc0974d6d00c3f96d33?s=96&d=mm&r=g\",\"contentUrl\":\"https:\/\/secure.gravatar.com\/avatar\/74ac6f0286bcefc0974d6d00c3f96d33?s=96&d=mm&r=g\",\"caption\":\"Thomas MALLET\"}}]}<\/script>\n<!-- \/ Yoast SEO plugin. -->","yoast_head_json":{"title":"[:fr]Les Concerts de Pan \u2013 Episode 10 \u2013 KARG-ELERT[:] - LA TRAVERSIERE The french flute association","robots":{"index":"index","follow":"follow","max-snippet":"max-snippet:-1","max-image-preview":"max-image-preview:large","max-video-preview":"max-video-preview:-1"},"canonical":"https:\/\/latraversiere.fr\/webzine\/videos\/les-concerts-de-pan-episode-10-karg-elert\/","og_locale":"en_US","og_type":"article","og_title":"[:fr]Les Concerts de Pan \u2013 Episode 10 \u2013 KARG-ELERT[:] - LA TRAVERSIERE The french flute association","og_description":"Sorry, this entry is only available in French. For the sake of viewer convenience, the content is shown below in the alternative language. You may click the link to switch the active language.Alexis Kossenko interpr\u00e8te le Caprice n\u00b0 21 &#8220;In Tempo di Walzer&#8221; de Siegfried KARG-ELERT (1877-1933), pour ce nouvel \u00e9pisode des Concerts de Pan, [&hellip;]","og_url":"https:\/\/latraversiere.fr\/webzine\/videos\/les-concerts-de-pan-episode-10-karg-elert\/","og_site_name":"LA TRAVERSIERE The french flute association","article_publisher":"https:\/\/www.facebook.com\/traversieres\/","article_published_time":"2020-05-17T18:00:51+00:00","article_modified_time":"2021-11-14T07:07:12+00:00","og_image":[{"width":600,"height":513,"url":"https:\/\/latraversiere.fr\/wp-content\/uploads\/2020\/05\/10-KARG-ELERT-Caprice21.jpg","type":"image\/jpeg"}],"twitter_card":"summary","twitter_creator":"@La_Traversiere","twitter_site":"@La_Traversiere","twitter_misc":{"Written by":"Thomas MALLET"},"schema":{"@context":"https:\/\/schema.org","@graph":[{"@type":"Organization","@id":"https:\/\/latraversiere.fr\/#organization","name":"La Traversi\u00e8re - Association Fran\u00e7aise de la Fl\u00fbte","url":"https:\/\/latraversiere.fr\/","sameAs":["https:\/\/www.facebook.com\/traversieres\/","https:\/\/www.instagram.com\/la_traversiere\/","https:\/\/www.youtube.com\/channel\/UC46MEQZI2BfRZNFUFqc59Sw","https:\/\/twitter.com\/La_Traversiere"],"logo":{"@type":"ImageObject","@id":"https:\/\/latraversiere.fr\/#logo","inLanguage":"en-US","url":"https:\/\/latraversiere.fr\/wp-content\/uploads\/2018\/01\/LOGO-Traversiere-SITE-1.png","contentUrl":"https:\/\/latraversiere.fr\/wp-content\/uploads\/2018\/01\/LOGO-Traversiere-SITE-1.png","width":539,"height":200,"caption":"La Traversi\u00e8re - Association Fran\u00e7aise de la Fl\u00fbte"},"image":{"@id":"https:\/\/latraversiere.fr\/#logo"}},{"@type":"WebSite","@id":"https:\/\/latraversiere.fr\/#website","url":"https:\/\/latraversiere.fr\/","name":"LA TRAVERSIERE The french flute association","description":"","publisher":{"@id":"https:\/\/latraversiere.fr\/#organization"},"potentialAction":[{"@type":"SearchAction","target":{"@type":"EntryPoint","urlTemplate":"https:\/\/latraversiere.fr\/?s={search_term_string}"},"query-input":"required name=search_term_string"}],"inLanguage":"en-US"},{"@type":"ImageObject","@id":"https:\/\/latraversiere.fr\/webzine\/videos\/les-concerts-de-pan-episode-10-karg-elert\/#primaryimage","inLanguage":"en-US","url":"https:\/\/latraversiere.fr\/wp-content\/uploads\/2020\/05\/10-KARG-ELERT-Caprice21.jpg","contentUrl":"https:\/\/latraversiere.fr\/wp-content\/uploads\/2020\/05\/10-KARG-ELERT-Caprice21.jpg","width":600,"height":513},{"@type":"WebPage","@id":"https:\/\/latraversiere.fr\/webzine\/videos\/les-concerts-de-pan-episode-10-karg-elert\/#webpage","url":"https:\/\/latraversiere.fr\/webzine\/videos\/les-concerts-de-pan-episode-10-karg-elert\/","name":"[:fr]Les Concerts de Pan \u2013 Episode 10 \u2013 KARG-ELERT[:] - LA TRAVERSIERE The french flute association","isPartOf":{"@id":"https:\/\/latraversiere.fr\/#website"},"primaryImageOfPage":{"@id":"https:\/\/latraversiere.fr\/webzine\/videos\/les-concerts-de-pan-episode-10-karg-elert\/#primaryimage"},"datePublished":"2020-05-17T18:00:51+00:00","dateModified":"2021-11-14T07:07:12+00:00","breadcrumb":{"@id":"https:\/\/latraversiere.fr\/webzine\/videos\/les-concerts-de-pan-episode-10-karg-elert\/#breadcrumb"},"inLanguage":"en-US","potentialAction":[{"@type":"ReadAction","target":["https:\/\/latraversiere.fr\/webzine\/videos\/les-concerts-de-pan-episode-10-karg-elert\/"]}]},{"@type":"BreadcrumbList","@id":"https:\/\/latraversiere.fr\/webzine\/videos\/les-concerts-de-pan-episode-10-karg-elert\/#breadcrumb","itemListElement":[{"@type":"ListItem","position":1,"name":"Accueil","item":"https:\/\/latraversiere.fr\/"},{"@type":"ListItem","position":2,"name":"Les Concerts de Pan \u2013 Episode 10 \u2013 KARG-ELERT"}]},{"@type":"Article","@id":"https:\/\/latraversiere.fr\/webzine\/videos\/les-concerts-de-pan-episode-10-karg-elert\/#article","isPartOf":{"@id":"https:\/\/latraversiere.fr\/webzine\/videos\/les-concerts-de-pan-episode-10-karg-elert\/#webpage"},"author":{"@id":"https:\/\/latraversiere.fr\/#\/schema\/person\/49ed1d29827f483eda3a44dec9c62b39"},"headline":"Les Concerts de Pan \u2013 Episode 10 \u2013 KARG-ELERT","datePublished":"2020-05-17T18:00:51+00:00","dateModified":"2021-11-14T07:07:12+00:00","mainEntityOfPage":{"@id":"https:\/\/latraversiere.fr\/webzine\/videos\/les-concerts-de-pan-episode-10-karg-elert\/#webpage"},"wordCount":102,"publisher":{"@id":"https:\/\/latraversiere.fr\/#organization"},"image":{"@id":"https:\/\/latraversiere.fr\/webzine\/videos\/les-concerts-de-pan-episode-10-karg-elert\/#primaryimage"},"thumbnailUrl":"https:\/\/latraversiere.fr\/wp-content\/uploads\/2020\/05\/10-KARG-ELERT-Caprice21.jpg","keywords":["Alexis Kossenko"],"articleSection":["Facture","Histoire","Vid\u00e9os"],"inLanguage":"en-US"},{"@type":"Person","@id":"https:\/\/latraversiere.fr\/#\/schema\/person\/49ed1d29827f483eda3a44dec9c62b39","name":"Thomas MALLET","image":{"@type":"ImageObject","@id":"https:\/\/latraversiere.fr\/#personlogo","inLanguage":"en-US","url":"https:\/\/secure.gravatar.com\/avatar\/74ac6f0286bcefc0974d6d00c3f96d33?s=96&d=mm&r=g","contentUrl":"https:\/\/secure.gravatar.com\/avatar\/74ac6f0286bcefc0974d6d00c3f96d33?s=96&d=mm&r=g","caption":"Thomas MALLET"}}]}},"_links":{"self":[{"href":"https:\/\/latraversiere.fr\/en\/wp-json\/wp\/v2\/posts\/10005"}],"collection":[{"href":"https:\/\/latraversiere.fr\/en\/wp-json\/wp\/v2\/posts"}],"about":[{"href":"https:\/\/latraversiere.fr\/en\/wp-json\/wp\/v2\/types\/post"}],"author":[{"embeddable":true,"href":"https:\/\/latraversiere.fr\/en\/wp-json\/wp\/v2\/users\/1"}],"replies":[{"embeddable":true,"href":"https:\/\/latraversiere.fr\/en\/wp-json\/wp\/v2\/comments?post=10005"}],"version-history":[{"count":2,"href":"https:\/\/latraversiere.fr\/en\/wp-json\/wp\/v2\/posts\/10005\/revisions"}],"predecessor-version":[{"id":10009,"href":"https:\/\/latraversiere.fr\/en\/wp-json\/wp\/v2\/posts\/10005\/revisions\/10009"}],"wp:featuredmedia":[{"embeddable":true,"href":"https:\/\/latraversiere.fr\/en\/wp-json\/wp\/v2\/media\/10006"}],"wp:attachment":[{"href":"https:\/\/latraversiere.fr\/en\/wp-json\/wp\/v2\/media?parent=10005"}],"wp:term":[{"taxonomy":"category","embeddable":true,"href":"https:\/\/latraversiere.fr\/en\/wp-json\/wp\/v2\/categories?post=10005"},{"taxonomy":"post_tag","embeddable":true,"href":"https:\/\/latraversiere.fr\/en\/wp-json\/wp\/v2\/tags?post=10005"}],"curies":[{"name":"wp","href":"https:\/\/api.w.org\/{rel}","templated":true}]}}