{"id":10015,"date":"2020-05-31T11:11:44","date_gmt":"2020-05-31T09:11:44","guid":{"rendered":"https:\/\/latraversiere.fr\/?p=10015"},"modified":"2020-05-31T11:11:44","modified_gmt":"2020-05-31T09:11:44","slug":"musicovid-1-quels-risques-de-la-pratique-de-certains-instruments-face-au-covid-19","status":"publish","type":"post","link":"https:\/\/latraversiere.fr\/en\/webzine\/actualite\/musicovid-1-quels-risques-de-la-pratique-de-certains-instruments-face-au-covid-19\/","title":{"rendered":"Musicovid-1 : Quels risques de la pratique de certains instruments face au Covid-19 ?"},"content":{"rendered":"<p class=\"qtranxs-available-languages-message qtranxs-available-languages-message-en\">Sorry, this entry is only available in <a href=\"https:\/\/latraversiere.fr\/fr\/wp-json\/wp\/v2\/posts\/10015\" class=\"qtranxs-available-language-link qtranxs-available-language-link-fr\" title=\"Fran\u00e7ais\">French<\/a>. For the sake of viewer convenience, the content is shown below in the alternative language. You may click the link to switch the active language.<\/p><p><strong>Musicovid-1 est une enqu\u00eate lanc\u00e9e par Emmanuel Bartaire, responsable de la cellule de crise Covid \u00e0 l\u2019H\u00f4pital Saint-Vincent de Lille. Son objectif est d&#8217;\u00e9tablir les risques de la pratique de certains instruments face au virus Covid-19. <\/strong><\/p>\n<p>Comment continuer \u00e0 faire cours ? Comment continuer \u00e0 faire essayer des instruments en magasin ? Comment g\u00e9rer les pr\u00eats des parcs instrumentaux ? Comment s\u00e9curiser le parcours d\u2019un instrument pour qu\u2019il soit commercialisable ?&#8230; autant de questions que se posent aujourd&#8217;hui les professionnels de la musique face au risque de propagation du virus COVID-19.<br \/>\nInterrog\u00e9 sur ces points par ses patients, Emmanuel Bartaire s&#8217;est rendu compte qu&#8217;aucune information n&#8217;\u00e9tait encore disponible dans la litt\u00e9rature pour r\u00e9pondre avec pr\u00e9cision \u00e0 ces questions l\u00e9gitimes. Ainsi, en partenariat avec un laboratoire allemand, il a pris l&#8217;initiative de lancer cette \u00e9tude qui tentera de r\u00e9pondre aux questionnements des professionnels. <\/p>\n<p>L&#8217;\u00e9tude lanc\u00e9e consiste \u00e0 tout d&#8217;abord faire un \u00e9tat des lieux pour \u00e9valuer la proportion de malade chez les enseignants d\u2019instrument \u00e0 vent ou de chant par rapport \u00e0 ceux qui n\u2019utilisent pas le souffle en utilisant un formulaire (<a href=\"https:\/\/www.lalettredumusicien.fr\/download_public\/Fichiers\/Questionnaire-conservatoire-et-ecoles-de-musiques.xlsx\" rel=\"noopener noreferrer\" target=\"_blank\">disponible ici<\/a>) que les directeurs de conservatoire et \u00e9cole de musique sont invit\u00e9s \u00e0 remplir.<br \/>\nEn parall\u00e8le, l&#8217;\u00e9quipe allemande travaille sur des solutions et recommandations \u00e0 mettre en place pour plus de prudence. Toutefois, Emmanuel Bartaire pr\u00e9vient que ces mesures de prudence seront \u00e9videmment \u00e0 ajuster en fonction de l&#8217;\u00e9volution de l&#8217;\u00e9pid\u00e9mie.<\/p>","protected":false},"excerpt":{"rendered":"<p class=\"qtranxs-available-languages-message qtranxs-available-languages-message-en\">Sorry, this entry is only available in <a href=\"https:\/\/latraversiere.fr\/fr\/wp-json\/wp\/v2\/posts\/10015\" class=\"qtranxs-available-language-link qtranxs-available-language-link-fr\" title=\"Fran\u00e7ais\">French<\/a>. For the sake of viewer convenience, the content is shown below in the alternative language. You may click the link to switch the active language.<\/p>\n<p>Musicovid-1 est une enqu\u00eate lanc\u00e9e par Emmanuel Bartaire, responsable de la cellule de crise Covid \u00e0 l\u2019H\u00f4pital Saint-Vincent de Lille. Son objectif est d&#8217;\u00e9tablir les risques de la pratique de certains instruments face au virus Covid-19.<\/p>\n","protected":false},"author":1,"featured_media":10017,"comment_status":"closed","ping_status":"open","sticky":false,"template":"","format":"standard","meta":[],"categories":[87,161],"tags":[239],"yoast_head":"<!-- This site is optimized with the Yoast SEO plugin v17.5 - https:\/\/yoast.com\/wordpress\/plugins\/seo\/ -->\n<title><\/title>\n<meta name=\"robots\" content=\"index, follow, max-snippet:-1, max-image-preview:large, max-video-preview:-1\" \/>\n<link rel=\"canonical\" href=\"https:\/\/latraversiere.fr\/webzine\/actualite\/musicovid-1-quels-risques-de-la-pratique-de-certains-instruments-face-au-covid-19\/\" \/>\n<meta property=\"og:locale\" content=\"en_US\" \/>\n<meta property=\"og:type\" content=\"article\" \/>\n<meta property=\"og:title\" content=\"[:fr]Musicovid-1 : Quels risques de la pratique de certains instruments face au Covid-19 ?[:] - LA TRAVERSIERE The french flute association\" \/>\n<meta property=\"og:description\" content=\"[:fr]Musicovid-1 est une enqu\u00eate lanc\u00e9e par Emmanuel Bartaire, responsable de la cellule de crise Covid \u00e0 l\u2019H\u00f4pital Saint-Vincent de Lille. Son objectif est d&#039;\u00e9tablir les risques de la pratique de certains instruments face au virus Covid-19.[:]\" \/>\n<meta property=\"og:url\" content=\"https:\/\/latraversiere.fr\/webzine\/actualite\/musicovid-1-quels-risques-de-la-pratique-de-certains-instruments-face-au-covid-19\/\" \/>\n<meta property=\"og:site_name\" content=\"LA TRAVERSIERE The french flute association\" \/>\n<meta property=\"article:publisher\" content=\"https:\/\/www.facebook.com\/traversieres\/\" \/>\n<meta property=\"article:published_time\" content=\"2020-05-31T09:11:44+00:00\" \/>\n<meta property=\"og:image\" content=\"https:\/\/latraversiere.fr\/wp-content\/uploads\/2020\/05\/Une.jpg\" \/>\n\t<meta property=\"og:image:width\" content=\"600\" \/>\n\t<meta property=\"og:image:height\" content=\"513\" \/>\n<meta name=\"twitter:card\" content=\"summary\" \/>\n<meta name=\"twitter:creator\" content=\"@La_Traversiere\" \/>\n<meta name=\"twitter:site\" content=\"@La_Traversiere\" \/>\n<meta name=\"twitter:label1\" content=\"Written by\" \/>\n\t<meta name=\"twitter:data1\" content=\"Thomas MALLET\" \/>\n\t<meta name=\"twitter:label2\" content=\"Est. reading time\" \/>\n\t<meta name=\"twitter:data2\" content=\"1 minute\" \/>\n<script type=\"application\/ld+json\" class=\"yoast-schema-graph\">{\"@context\":\"https:\/\/schema.org\",\"@graph\":[{\"@type\":\"Organization\",\"@id\":\"https:\/\/latraversiere.fr\/#organization\",\"name\":\"La Traversi\\u00e8re - Association Fran\\u00e7aise de la Fl\\u00fbte\",\"url\":\"https:\/\/latraversiere.fr\/\",\"sameAs\":[\"https:\/\/www.facebook.com\/traversieres\/\",\"https:\/\/www.instagram.com\/la_traversiere\/\",\"https:\/\/www.youtube.com\/channel\/UC46MEQZI2BfRZNFUFqc59Sw\",\"https:\/\/twitter.com\/La_Traversiere\"],\"logo\":{\"@type\":\"ImageObject\",\"@id\":\"https:\/\/latraversiere.fr\/#logo\",\"inLanguage\":\"en-US\",\"url\":\"https:\/\/latraversiere.fr\/wp-content\/uploads\/2018\/01\/LOGO-Traversiere-SITE-1.png\",\"contentUrl\":\"https:\/\/latraversiere.fr\/wp-content\/uploads\/2018\/01\/LOGO-Traversiere-SITE-1.png\",\"width\":539,\"height\":200,\"caption\":\"La Traversi\\u00e8re - Association Fran\\u00e7aise de la Fl\\u00fbte\"},\"image\":{\"@id\":\"https:\/\/latraversiere.fr\/#logo\"}},{\"@type\":\"WebSite\",\"@id\":\"https:\/\/latraversiere.fr\/#website\",\"url\":\"https:\/\/latraversiere.fr\/\",\"name\":\"LA TRAVERSIERE The french flute association\",\"description\":\"\",\"publisher\":{\"@id\":\"https:\/\/latraversiere.fr\/#organization\"},\"potentialAction\":[{\"@type\":\"SearchAction\",\"target\":{\"@type\":\"EntryPoint\",\"urlTemplate\":\"https:\/\/latraversiere.fr\/?s={search_term_string}\"},\"query-input\":\"required name=search_term_string\"}],\"inLanguage\":\"en-US\"},{\"@type\":\"ImageObject\",\"@id\":\"https:\/\/latraversiere.fr\/webzine\/actualite\/musicovid-1-quels-risques-de-la-pratique-de-certains-instruments-face-au-covid-19\/#primaryimage\",\"inLanguage\":\"en-US\",\"url\":\"https:\/\/latraversiere.fr\/wp-content\/uploads\/2020\/05\/Une.jpg\",\"contentUrl\":\"https:\/\/latraversiere.fr\/wp-content\/uploads\/2020\/05\/Une.jpg\",\"width\":600,\"height\":513,\"caption\":\"Quels risques de la pratique de certains instruments face au Covid-19 ?\"},{\"@type\":\"WebPage\",\"@id\":\"https:\/\/latraversiere.fr\/webzine\/actualite\/musicovid-1-quels-risques-de-la-pratique-de-certains-instruments-face-au-covid-19\/#webpage\",\"url\":\"https:\/\/latraversiere.fr\/webzine\/actualite\/musicovid-1-quels-risques-de-la-pratique-de-certains-instruments-face-au-covid-19\/\",\"name\":\"[:fr]Musicovid-1 : Quels risques de la pratique de certains instruments face au Covid-19 ?[:] - LA TRAVERSIERE The french flute association\",\"isPartOf\":{\"@id\":\"https:\/\/latraversiere.fr\/#website\"},\"primaryImageOfPage\":{\"@id\":\"https:\/\/latraversiere.fr\/webzine\/actualite\/musicovid-1-quels-risques-de-la-pratique-de-certains-instruments-face-au-covid-19\/#primaryimage\"},\"datePublished\":\"2020-05-31T09:11:44+00:00\",\"dateModified\":\"2020-05-31T09:11:44+00:00\",\"breadcrumb\":{\"@id\":\"https:\/\/latraversiere.fr\/webzine\/actualite\/musicovid-1-quels-risques-de-la-pratique-de-certains-instruments-face-au-covid-19\/#breadcrumb\"},\"inLanguage\":\"en-US\",\"potentialAction\":[{\"@type\":\"ReadAction\",\"target\":[\"https:\/\/latraversiere.fr\/webzine\/actualite\/musicovid-1-quels-risques-de-la-pratique-de-certains-instruments-face-au-covid-19\/\"]}]},{\"@type\":\"BreadcrumbList\",\"@id\":\"https:\/\/latraversiere.fr\/webzine\/actualite\/musicovid-1-quels-risques-de-la-pratique-de-certains-instruments-face-au-covid-19\/#breadcrumb\",\"itemListElement\":[{\"@type\":\"ListItem\",\"position\":1,\"name\":\"Accueil\",\"item\":\"https:\/\/latraversiere.fr\/\"},{\"@type\":\"ListItem\",\"position\":2,\"name\":\"Musicovid-1 : Quels risques de la pratique de certains instruments face au Covid-19 ?\"}]},{\"@type\":\"Article\",\"@id\":\"https:\/\/latraversiere.fr\/webzine\/actualite\/musicovid-1-quels-risques-de-la-pratique-de-certains-instruments-face-au-covid-19\/#article\",\"isPartOf\":{\"@id\":\"https:\/\/latraversiere.fr\/webzine\/actualite\/musicovid-1-quels-risques-de-la-pratique-de-certains-instruments-face-au-covid-19\/#webpage\"},\"author\":{\"@id\":\"https:\/\/latraversiere.fr\/#\/schema\/person\/49ed1d29827f483eda3a44dec9c62b39\"},\"headline\":\"Musicovid-1 : Quels risques de la pratique de certains instruments face au Covid-19 ?\",\"datePublished\":\"2020-05-31T09:11:44+00:00\",\"dateModified\":\"2020-05-31T09:11:44+00:00\",\"mainEntityOfPage\":{\"@id\":\"https:\/\/latraversiere.fr\/webzine\/actualite\/musicovid-1-quels-risques-de-la-pratique-de-certains-instruments-face-au-covid-19\/#webpage\"},\"wordCount\":260,\"publisher\":{\"@id\":\"https:\/\/latraversiere.fr\/#organization\"},\"image\":{\"@id\":\"https:\/\/latraversiere.fr\/webzine\/actualite\/musicovid-1-quels-risques-de-la-pratique-de-certains-instruments-face-au-covid-19\/#primaryimage\"},\"thumbnailUrl\":\"https:\/\/latraversiere.fr\/wp-content\/uploads\/2020\/05\/Une.jpg\",\"keywords\":[\"COVID-19\"],\"articleSection\":[\"Actualit\\u00e9s\",\"P\\u00e9dagogie\"],\"inLanguage\":\"en-US\"},{\"@type\":\"Person\",\"@id\":\"https:\/\/latraversiere.fr\/#\/schema\/person\/49ed1d29827f483eda3a44dec9c62b39\",\"name\":\"Thomas MALLET\",\"image\":{\"@type\":\"ImageObject\",\"@id\":\"https:\/\/latraversiere.fr\/#personlogo\",\"inLanguage\":\"en-US\",\"url\":\"https:\/\/secure.gravatar.com\/avatar\/74ac6f0286bcefc0974d6d00c3f96d33?s=96&d=mm&r=g\",\"contentUrl\":\"https:\/\/secure.gravatar.com\/avatar\/74ac6f0286bcefc0974d6d00c3f96d33?s=96&d=mm&r=g\",\"caption\":\"Thomas MALLET\"}}]}<\/script>\n<!-- \/ Yoast SEO plugin. -->","yoast_head_json":{"title":"[:fr]Musicovid-1 : Quels risques de la pratique de certains instruments face au Covid-19 ?[:] - LA TRAVERSIERE The french flute association","robots":{"index":"index","follow":"follow","max-snippet":"max-snippet:-1","max-image-preview":"max-image-preview:large","max-video-preview":"max-video-preview:-1"},"canonical":"https:\/\/latraversiere.fr\/webzine\/actualite\/musicovid-1-quels-risques-de-la-pratique-de-certains-instruments-face-au-covid-19\/","og_locale":"en_US","og_type":"article","og_title":"[:fr]Musicovid-1 : Quels risques de la pratique de certains instruments face au Covid-19 ?[:] - LA TRAVERSIERE The french flute association","og_description":"[:fr]Musicovid-1 est une enqu\u00eate lanc\u00e9e par Emmanuel Bartaire, responsable de la cellule de crise Covid \u00e0 l\u2019H\u00f4pital Saint-Vincent de Lille. Son objectif est d'\u00e9tablir les risques de la pratique de certains instruments face au virus Covid-19.[:]","og_url":"https:\/\/latraversiere.fr\/webzine\/actualite\/musicovid-1-quels-risques-de-la-pratique-de-certains-instruments-face-au-covid-19\/","og_site_name":"LA TRAVERSIERE The french flute association","article_publisher":"https:\/\/www.facebook.com\/traversieres\/","article_published_time":"2020-05-31T09:11:44+00:00","og_image":[{"width":600,"height":513,"url":"https:\/\/latraversiere.fr\/wp-content\/uploads\/2020\/05\/Une.jpg","type":"image\/jpeg"}],"twitter_card":"summary","twitter_creator":"@La_Traversiere","twitter_site":"@La_Traversiere","twitter_misc":{"Written by":"Thomas MALLET","Est. reading time":"1 minute"},"schema":{"@context":"https:\/\/schema.org","@graph":[{"@type":"Organization","@id":"https:\/\/latraversiere.fr\/#organization","name":"La Traversi\u00e8re - Association Fran\u00e7aise de la Fl\u00fbte","url":"https:\/\/latraversiere.fr\/","sameAs":["https:\/\/www.facebook.com\/traversieres\/","https:\/\/www.instagram.com\/la_traversiere\/","https:\/\/www.youtube.com\/channel\/UC46MEQZI2BfRZNFUFqc59Sw","https:\/\/twitter.com\/La_Traversiere"],"logo":{"@type":"ImageObject","@id":"https:\/\/latraversiere.fr\/#logo","inLanguage":"en-US","url":"https:\/\/latraversiere.fr\/wp-content\/uploads\/2018\/01\/LOGO-Traversiere-SITE-1.png","contentUrl":"https:\/\/latraversiere.fr\/wp-content\/uploads\/2018\/01\/LOGO-Traversiere-SITE-1.png","width":539,"height":200,"caption":"La Traversi\u00e8re - Association Fran\u00e7aise de la Fl\u00fbte"},"image":{"@id":"https:\/\/latraversiere.fr\/#logo"}},{"@type":"WebSite","@id":"https:\/\/latraversiere.fr\/#website","url":"https:\/\/latraversiere.fr\/","name":"LA TRAVERSIERE The french flute association","description":"","publisher":{"@id":"https:\/\/latraversiere.fr\/#organization"},"potentialAction":[{"@type":"SearchAction","target":{"@type":"EntryPoint","urlTemplate":"https:\/\/latraversiere.fr\/?s={search_term_string}"},"query-input":"required name=search_term_string"}],"inLanguage":"en-US"},{"@type":"ImageObject","@id":"https:\/\/latraversiere.fr\/webzine\/actualite\/musicovid-1-quels-risques-de-la-pratique-de-certains-instruments-face-au-covid-19\/#primaryimage","inLanguage":"en-US","url":"https:\/\/latraversiere.fr\/wp-content\/uploads\/2020\/05\/Une.jpg","contentUrl":"https:\/\/latraversiere.fr\/wp-content\/uploads\/2020\/05\/Une.jpg","width":600,"height":513,"caption":"Quels risques de la pratique de certains instruments face au Covid-19 ?"},{"@type":"WebPage","@id":"https:\/\/latraversiere.fr\/webzine\/actualite\/musicovid-1-quels-risques-de-la-pratique-de-certains-instruments-face-au-covid-19\/#webpage","url":"https:\/\/latraversiere.fr\/webzine\/actualite\/musicovid-1-quels-risques-de-la-pratique-de-certains-instruments-face-au-covid-19\/","name":"[:fr]Musicovid-1 : Quels risques de la pratique de certains instruments face au Covid-19 ?[:] - LA TRAVERSIERE The french flute association","isPartOf":{"@id":"https:\/\/latraversiere.fr\/#website"},"primaryImageOfPage":{"@id":"https:\/\/latraversiere.fr\/webzine\/actualite\/musicovid-1-quels-risques-de-la-pratique-de-certains-instruments-face-au-covid-19\/#primaryimage"},"datePublished":"2020-05-31T09:11:44+00:00","dateModified":"2020-05-31T09:11:44+00:00","breadcrumb":{"@id":"https:\/\/latraversiere.fr\/webzine\/actualite\/musicovid-1-quels-risques-de-la-pratique-de-certains-instruments-face-au-covid-19\/#breadcrumb"},"inLanguage":"en-US","potentialAction":[{"@type":"ReadAction","target":["https:\/\/latraversiere.fr\/webzine\/actualite\/musicovid-1-quels-risques-de-la-pratique-de-certains-instruments-face-au-covid-19\/"]}]},{"@type":"BreadcrumbList","@id":"https:\/\/latraversiere.fr\/webzine\/actualite\/musicovid-1-quels-risques-de-la-pratique-de-certains-instruments-face-au-covid-19\/#breadcrumb","itemListElement":[{"@type":"ListItem","position":1,"name":"Accueil","item":"https:\/\/latraversiere.fr\/"},{"@type":"ListItem","position":2,"name":"Musicovid-1 : Quels risques de la pratique de certains instruments face au Covid-19 ?"}]},{"@type":"Article","@id":"https:\/\/latraversiere.fr\/webzine\/actualite\/musicovid-1-quels-risques-de-la-pratique-de-certains-instruments-face-au-covid-19\/#article","isPartOf":{"@id":"https:\/\/latraversiere.fr\/webzine\/actualite\/musicovid-1-quels-risques-de-la-pratique-de-certains-instruments-face-au-covid-19\/#webpage"},"author":{"@id":"https:\/\/latraversiere.fr\/#\/schema\/person\/49ed1d29827f483eda3a44dec9c62b39"},"headline":"Musicovid-1 : Quels risques de la pratique de certains instruments face au Covid-19 ?","datePublished":"2020-05-31T09:11:44+00:00","dateModified":"2020-05-31T09:11:44+00:00","mainEntityOfPage":{"@id":"https:\/\/latraversiere.fr\/webzine\/actualite\/musicovid-1-quels-risques-de-la-pratique-de-certains-instruments-face-au-covid-19\/#webpage"},"wordCount":260,"publisher":{"@id":"https:\/\/latraversiere.fr\/#organization"},"image":{"@id":"https:\/\/latraversiere.fr\/webzine\/actualite\/musicovid-1-quels-risques-de-la-pratique-de-certains-instruments-face-au-covid-19\/#primaryimage"},"thumbnailUrl":"https:\/\/latraversiere.fr\/wp-content\/uploads\/2020\/05\/Une.jpg","keywords":["COVID-19"],"articleSection":["Actualit\u00e9s","P\u00e9dagogie"],"inLanguage":"en-US"},{"@type":"Person","@id":"https:\/\/latraversiere.fr\/#\/schema\/person\/49ed1d29827f483eda3a44dec9c62b39","name":"Thomas MALLET","image":{"@type":"ImageObject","@id":"https:\/\/latraversiere.fr\/#personlogo","inLanguage":"en-US","url":"https:\/\/secure.gravatar.com\/avatar\/74ac6f0286bcefc0974d6d00c3f96d33?s=96&d=mm&r=g","contentUrl":"https:\/\/secure.gravatar.com\/avatar\/74ac6f0286bcefc0974d6d00c3f96d33?s=96&d=mm&r=g","caption":"Thomas MALLET"}}]}},"_links":{"self":[{"href":"https:\/\/latraversiere.fr\/en\/wp-json\/wp\/v2\/posts\/10015"}],"collection":[{"href":"https:\/\/latraversiere.fr\/en\/wp-json\/wp\/v2\/posts"}],"about":[{"href":"https:\/\/latraversiere.fr\/en\/wp-json\/wp\/v2\/types\/post"}],"author":[{"embeddable":true,"href":"https:\/\/latraversiere.fr\/en\/wp-json\/wp\/v2\/users\/1"}],"replies":[{"embeddable":true,"href":"https:\/\/latraversiere.fr\/en\/wp-json\/wp\/v2\/comments?post=10015"}],"version-history":[{"count":2,"href":"https:\/\/latraversiere.fr\/en\/wp-json\/wp\/v2\/posts\/10015\/revisions"}],"predecessor-version":[{"id":10018,"href":"https:\/\/latraversiere.fr\/en\/wp-json\/wp\/v2\/posts\/10015\/revisions\/10018"}],"wp:featuredmedia":[{"embeddable":true,"href":"https:\/\/latraversiere.fr\/en\/wp-json\/wp\/v2\/media\/10017"}],"wp:attachment":[{"href":"https:\/\/latraversiere.fr\/en\/wp-json\/wp\/v2\/media?parent=10015"}],"wp:term":[{"taxonomy":"category","embeddable":true,"href":"https:\/\/latraversiere.fr\/en\/wp-json\/wp\/v2\/categories?post=10015"},{"taxonomy":"post_tag","embeddable":true,"href":"https:\/\/latraversiere.fr\/en\/wp-json\/wp\/v2\/tags?post=10015"}],"curies":[{"name":"wp","href":"https:\/\/api.w.org\/{rel}","templated":true}]}}