{"id":28307,"date":"2025-05-13T13:23:17","date_gmt":"2025-05-13T11:23:17","guid":{"rendered":"https:\/\/latraversiere.fr\/?p=28307"},"modified":"2025-05-19T22:52:03","modified_gmt":"2025-05-19T20:52:03","slug":"une-selection-de-stages-pour-cet-ete-2025","status":"publish","type":"post","link":"https:\/\/latraversiere.fr\/en\/webzine\/actualite\/une-selection-de-stages-pour-cet-ete-2025\/","title":{"rendered":"Une s\u00e9lection de stages pour cet \u00e9t\u00e9 2025"},"content":{"rendered":"<p class=\"qtranxs-available-languages-message qtranxs-available-languages-message-en\">Sorry, this entry is only available in <a href=\"https:\/\/latraversiere.fr\/fr\/wp-json\/wp\/v2\/posts\/28307\" class=\"qtranxs-available-language-link qtranxs-available-language-link-fr\" title=\"Fran\u00e7ais\">French<\/a>. For the sake of viewer convenience, the content is shown below in the alternative language. You may click the link to switch the active language.<\/p><p><strong>Cet \u00e9t\u00e9, place \u00e0 la fl\u00fbte !<br \/>\nLes stages de fl\u00fbte d\u2019\u00e9t\u00e9 sont bien plus qu\u2019un simple moment de pratique : ce sont de v\u00e9ritables parenth\u00e8ses musicales, riches en d\u00e9couvertes, en rencontres et en inspiration. Que vous soyez en d\u00e9but de parcours ou musicien confirm\u00e9, ces stages offrent un cadre privil\u00e9gi\u00e9 pour progresser, \u00e9changer et se ressourcer au contact d\u2019autres passionn\u00e9s.<\/strong><\/p>\n<p>Dans la liste ci-dessous, vous trouverez une s\u00e9lection de stages ouverts aux fl\u00fbtistes de tous horizons. Peut-\u00eatre y trouverez-vous votre prochaine destination musicale de l\u2019\u00e9t\u00e9 2025 !<\/p>\n<hr>\n<p><\/p>\n<div class='row'>\n<div class='col-sm-11 col-xs-12'>\n<span style='color: #32a3c3;'><strong>Stage d&#8217;ensemble de fl\u00fbtes pour adultes amateurs<\/strong><\/span><br \/>\n<span><strong>Lieu<\/strong>: Saint-Mand\u00e9 (94)<\/span><br \/>\n<span><strong>Dates<\/strong>: 3 juillet &#8211; 10 juillet<\/span><br \/>\n<span><strong>Professeur(s)<\/strong>: Isabelle LENOIR<\/span><br \/>\n<span><strong>Site web<\/strong>: <a href=\"https:\/\/www.flutea9stage.com\/\" rel=\"noopener\" target=\"_blank\">https:\/\/www.flutea9stage.com\/<\/a><\/span>\n<\/div>\n<div class='col-sm-1 hidden-xs'>\n<\/div>\n<\/div>\n<hr>\n<p><\/p>\n<div class='row'>\n<div class='col-sm-8 col-xs-12'>\n<span style='color: #32a3c3;'><strong>Acad\u00e9mie buissonni\u00e8re <\/strong><\/span><br \/>\n<span><strong>Lieu<\/strong>: Embrun (05)<\/span><br \/>\n<span><strong>Dates<\/strong>: 5 juillet &#8211; 12 juillet <\/span><br \/>\n<span><strong>Professeur(s)<\/strong>: Jean-Pierre PINET (traverso)<\/span><br \/>\n<span><strong>Site web<\/strong>: <a href=\"https:\/\/www.academiebuissonniere.com\/\" rel=\"noopener\" target=\"_blank\">https:\/\/www.academiebuissonniere.com\/<\/a><\/span>\n<\/div>\n<div class='col-sm-4 hidden-xs'>\n<a class=\"image-lightbox\" href=\"https:\/\/latraversiere.fr\/wp-content\/uploads\/2025\/05\/AcademieBuissonniere2025.jpg\"><img loading=\"lazy\" class=\"image-lightbox\" style=\"width:100%;\" src=\"https:\/\/latraversiere.fr\/wp-content\/uploads\/2025\/05\/AcademieBuissonniere2025.jpg\" alt=\"\" width=\"1600\" height=\"1135\" class=\"aligncenter size-full wp-image-28327\" srcset=\"https:\/\/latraversiere.fr\/wp-content\/uploads\/2025\/05\/AcademieBuissonniere2025.jpg 1600w, https:\/\/latraversiere.fr\/wp-content\/uploads\/2025\/05\/AcademieBuissonniere2025-300x213.jpg 300w, https:\/\/latraversiere.fr\/wp-content\/uploads\/2025\/05\/AcademieBuissonniere2025-1024x726.jpg 1024w, https:\/\/latraversiere.fr\/wp-content\/uploads\/2025\/05\/AcademieBuissonniere2025-768x545.jpg 768w, https:\/\/latraversiere.fr\/wp-content\/uploads\/2025\/05\/AcademieBuissonniere2025-1536x1090.jpg 1536w, https:\/\/latraversiere.fr\/wp-content\/uploads\/2025\/05\/AcademieBuissonniere2025-180x128.jpg 180w, https:\/\/latraversiere.fr\/wp-content\/uploads\/2025\/05\/AcademieBuissonniere2025-600x426.jpg 600w\" sizes=\"(max-width: 1600px) 100vw, 1600px\" \/><\/a>\n<\/div>\n<\/div>\n<hr>\n<p><\/p>\n<div class='row'>\n<div class='col-sm-11 col-xs-12'>\n<span style='color: #32a3c3;'><strong>XXIe Acad\u00e9mie Musicale Les Aliz\u00e9s<\/strong><\/span><br \/>\n<span><strong>Lieu<\/strong>: Besan\u00e7on (25)<\/span><br \/>\n<span><strong>Dates<\/strong>: 6 juillet au 13 juillet<\/span><br \/>\n<span><strong>Professeur(s)<\/strong>: Florence AOUSTET(fl\u00fbte traversi\u00e8re baroque)<\/span><br \/>\n<span><strong>Site web<\/strong>: <a href=\"https:\/\/academiemusicalelesalizes.wordpress.com\/\" rel=\"noopener\" target=\"_blank\">https:\/\/academiemusicalelesalizes.wordpress.com\/<\/a><\/span><br \/>\n<span><strong>Autres informations<\/strong>:Stage de musique baroque \u00e0 Besan\u00e7on<br \/>\nOuvert \u00e0 tous les niveaux \u2013 enfants, amateurs et pr\u00e9-professionnels \u2013 ce stage propose une immersion conviviale dans l\u2019univers de la musique baroque. Chaque soir, les stagiaires ont l\u2019occasion de se produire en concert, dans une ambiance chaleureuse et bienveillante, entour\u00e9s de coll\u00e8gues aussi sympathiques que comp\u00e9tents. Le tout dans un cadre idyllique, spacieux, au c\u0153ur de la belle ville de Besan\u00e7on !<\/span>\n<\/div>\n<div class='col-sm-1 hidden-xs'>\n<\/div>\n<\/div>\n<hr>\n<p><\/p>\n<div class='row'>\n<div class='col-sm-11 col-xs-12'>\n<span style='color: #32a3c3;'><strong>Acad\u00e9mie Musicale de Royan<\/strong><\/span><br \/>\n<span><strong>Lieu<\/strong>: Royan (16)<\/span><br \/>\n<span><strong>Dates<\/strong>: 6 juillet &#8211; 19 juillet <\/span><br \/>\n<span><strong>Professeur(s)<\/strong>: Virginie MAGIMEL<\/span><br \/>\n<span><strong>Site web<\/strong>: <a href=\"https:\/\/academie-musicale-royan.fr\/2025\/\" rel=\"noopener\" target=\"_blank\">https:\/\/academie-musicale-royan.fr\/2025\/<\/a><\/span><br \/>\n<span><strong>Autres informations<\/strong>:Stage d\u2019orchestre symphonique (2 niveaux), concours soliste, cours individuels, masterclass et concerts <\/span>\n<\/div>\n<div class='col-sm-1 hidden-xs'>\n<\/div>\n<\/div>\n<hr>\n<p><\/p>\n<div class='row'>\n<div class='col-sm-11 col-xs-12'>\n<span style='color: #32a3c3;'><strong>40e Acad\u00e9mie Musicale d&#8217;\u00e9t\u00e9 de Beaune<\/strong><\/span><br \/>\n<span><strong>Lieu<\/strong>: Beaune (21)<\/span><br \/>\n<span><strong>Dates<\/strong>: 7 juillet &#8211; 12 juillet<\/span><br \/>\n<span><strong>Professeur(s)<\/strong>: Marilou VIVIEZ<\/span><br \/>\n<span><strong>Site web<\/strong>: <a href=\"https:\/\/www.facebook.com\/academiedebeaune\" rel=\"noopener\" target=\"_blank\">https:\/\/www.facebook.com\/academiedebeaune<\/a><\/span><br \/>\n<span><strong>Autres informations<\/strong>:academiemusicalebeaune@gmail.com<\/span>\n<\/div>\n<div class='col-sm-1 hidden-xs'>\n<\/div>\n<\/div>\n<hr>\n<p><\/p>\n<div class='row'>\n<div class='col-sm-11 col-xs-12'>\n<span style='color: #32a3c3;'><strong>Stage de musique \u00e0 Chanac <\/strong><\/span><br \/>\n<span><strong>Lieu<\/strong>: Chanac (48)<\/span><br \/>\n<span><strong>Dates<\/strong>: 7 juillet &#8211; 18 juillet<\/span><br \/>\n<span><strong>Professeur(s)<\/strong>: Ana\u00efs BENO\u00ceT<\/span><br \/>\n<span><strong>Site web<\/strong>: <a href=\"https:\/\/amusel.org\/1ere-session\/\" rel=\"noopener\" target=\"_blank\">https:\/\/amusel.org\/1ere-session\/<\/a><\/span>\n<\/div>\n<div class='col-sm-1 hidden-xs'>\n<\/div>\n<\/div>\n<hr>\n<p><\/p>\n<div class='row'>\n<div class='col-sm-11 col-xs-12'>\n<span style='color: #32a3c3;'><strong>Acad\u00e9mie Festival en Vall\u00e9e D&#8217;Olt <\/strong><\/span><br \/>\n<span><strong>Lieu<\/strong>: Saint-Geniez d\u2019Olt (12)<\/span><br \/>\n<span><strong>Dates<\/strong>: 14 juillet &#8211; 25 juillet<\/span><br \/>\n<span><strong>Professeur(s)<\/strong>: C\u00e9line NESSI<\/span><br \/>\n<span><strong>Site web<\/strong>: <a href=\"https:\/\/festivalolt.com\/academie-presentation\/\" rel=\"noopener\" target=\"_blank\">https:\/\/festivalolt.com\/academie-presentation\/<\/a><\/span>\n<\/div>\n<div class='col-sm-1 hidden-xs'>\n<\/div>\n<\/div>\n<hr>\n<p><\/p>\n<div class='row'>\n<div class='col-sm-11 col-xs-12'>\n<span style='color: #32a3c3;'><strong>Acad\u00e9mie Internationale de Musique et de Danse de la Lor\u00e8ze<\/strong><\/span><br \/>\n<span><strong>Lieu<\/strong>: Mende (48)<\/span><br \/>\n<span><strong>Dates<\/strong>: 14 juillet &#8211; 26 juillet<\/span><br \/>\n<span><strong>Professeur(s)<\/strong>: Anastasie LEFEBVRE DE RIEUX<\/span><br \/>\n<span><strong>Site web<\/strong>: <a href=\"https:\/\/www.musique-lozere.com\/association\/\" rel=\"noopener\" target=\"_blank\">https:\/\/www.musique-lozere.com\/association\/<\/a><\/span>\n<\/div>\n<div class='col-sm-1 hidden-xs'>\n<\/div>\n<\/div>\n<hr>\n<p><\/p>\n<div class='row'>\n<div class='col-sm-11 col-xs-12'>\n<span style='color: #32a3c3;'><strong>Plage musicale en Bangor<\/strong><\/span><br \/>\n<span><strong>Lieu<\/strong>: Belle Ile en Mer (56)<\/span><br \/>\n<span><strong>Dates<\/strong>: 15 juillet &#8211; 25 juillet<\/span><br \/>\n<span><strong>Professeur(s)<\/strong>: Christel RAYNEAU<\/span><br \/>\n<span><strong>Site web<\/strong>: <a href=\"https:\/\/belleilemusique.com\/\" rel=\"noopener\" target=\"_blank\">https:\/\/belleilemusique.com\/<\/a><\/span><br \/>\n<span><strong>Autres informations<\/strong>:Cours conjoints de fl\u00fbte et musique de chambre<\/span>\n<\/div>\n<div class='col-sm-1 hidden-xs'>\n<\/div>\n<\/div>\n<hr>\n<p><\/p>\n<div class='row'>\n<div class='col-sm-11 col-xs-12'>\n<span style='color: #32a3c3;'><strong>Academie Festival des Arcs<\/strong><\/span><br \/>\n<span><strong>Lieu<\/strong>: Les Arcs (83)<\/span><br \/>\n<span><strong>Dates<\/strong>: 16 juillet &#8211; 25 juillet<\/span><br \/>\n<span><strong>Professeur(s)<\/strong>: Sandrine TILLY ; Fleur GRUNEISSEN<\/span><br \/>\n<span><strong>Site web<\/strong>: <a href=\"https:\/\/festivaldesarcs.com\/\" rel=\"noopener\" target=\"_blank\">https:\/\/festivaldesarcs.com\/<\/a><\/span><br \/>\n<span><strong>Autres informations<\/strong>:Dans un cadre exceptionnel face au Mont-Blanc, stage intensif avec cours individuels, musique de chambre et ateliers.<br \/>\nEnseignement personnalis\u00e9 selon le projet de chacun : pr\u00e9paration aux concours, traits d\u2019orchestre, perfectionnement, r\u00e9pertoire, sonorit\u00e9, technique\u2026<br \/>\nTous niveaux bienvenus.<br \/>\nLe festival propose plusieurs concerts gratuits par jour, ainsi que des concerts d\u2019\u00e9l\u00e8ves en fin de stage.<\/span>\n<\/div>\n<div class='col-sm-1 hidden-xs'>\n<\/div>\n<\/div>\n<hr>\n<p><\/p>\n<div class='row'>\n<div class='col-sm-8 col-xs-12'>\n<span style='color: #32a3c3;'><strong>Stage de fl\u00fbte traversi\u00e8re <\/strong><\/span><br \/>\n<span><strong>Lieu<\/strong>: Biscarrosse (40)<\/span><br \/>\n<span><strong>Dates<\/strong>: 18 juillet &#8211; 20 juillet <\/span><br \/>\n<span><strong>Professeur(s)<\/strong>: Sandra MULLER-ARNAUDET ; Nathalie COULE-BREBBIA<\/span><br \/>\n<span><strong>Site web<\/strong>: <a href=\"\" rel=\"noopener\" target=\"_blank\"><\/a><\/span><br \/>\n<span><strong>Autres informations<\/strong>:Stage de fl\u00fbte ouvert \u00e0 tous niveaux, ax\u00e9 sur trois domaines : cr\u00e9ation musicale, sophrologie et musique d\u2019ensemble.<br \/>\nCette ann\u00e9e, il se d\u00e9roule dans un cadre id\u00e9al de vacances, face au lac de Biscarrosse, dans les Landes.<br \/>\nContact : Sandra Muller-Arnaudet : 0678030488 et Nathalie Coule-Brebbia : 0683161438<br \/>\n<\/span>\n<\/div>\n<div class='col-sm-4 hidden-xs'>\n<a class=\"image-lightbox\" href=\"https:\/\/latraversiere.fr\/wp-content\/uploads\/2025\/05\/StageBiscarosse2025.jpg\"><img loading=\"lazy\" style=\"max-width:100%;\" src=\"https:\/\/latraversiere.fr\/wp-content\/uploads\/2025\/05\/StageBiscarosse2025.jpg\" alt=\"\" width=\"1130\" height=\"1600\" class=\"aligncenter size-full wp-image-28338\" srcset=\"https:\/\/latraversiere.fr\/wp-content\/uploads\/2025\/05\/StageBiscarosse2025.jpg 1130w, https:\/\/latraversiere.fr\/wp-content\/uploads\/2025\/05\/StageBiscarosse2025-212x300.jpg 212w, https:\/\/latraversiere.fr\/wp-content\/uploads\/2025\/05\/StageBiscarosse2025-723x1024.jpg 723w, https:\/\/latraversiere.fr\/wp-content\/uploads\/2025\/05\/StageBiscarosse2025-768x1087.jpg 768w, https:\/\/latraversiere.fr\/wp-content\/uploads\/2025\/05\/StageBiscarosse2025-1085x1536.jpg 1085w, https:\/\/latraversiere.fr\/wp-content\/uploads\/2025\/05\/StageBiscarosse2025-180x255.jpg 180w, https:\/\/latraversiere.fr\/wp-content\/uploads\/2025\/05\/StageBiscarosse2025-300x425.jpg 300w, https:\/\/latraversiere.fr\/wp-content\/uploads\/2025\/05\/StageBiscarosse2025-600x850.jpg 600w\" sizes=\"(max-width: 1130px) 100vw, 1130px\" \/><\/a>\n<\/div>\n<\/div>\n<hr>\n<p><\/p>\n<div class='row'>\n<div class='col-sm-11 col-xs-12'>\n<span style='color: #32a3c3;'><strong>Acad\u00e9mie d\u2019\u00e9t\u00e9 op. 74 \u00e0 Flaine<\/strong><\/span><br \/>\n<span><strong>Lieu<\/strong>: Flaine (74)<\/span><br \/>\n<span><strong>Dates<\/strong>: 19 juillet &#8211; 26 juillet<\/span><br \/>\n<span><strong>Professeur(s)<\/strong>: La\u00ebtitia BRAULT ; Mihi KIM ; Miroslav MATEJKA ; Marie ROQUETA<\/span><br \/>\n<span><strong>Site web<\/strong>: <a href=\"https:\/\/opus74-flaine.com\/\" rel=\"noopener\" target=\"_blank\">https:\/\/opus74-flaine.com\/<\/a><\/span>\n<\/div>\n<div class='col-sm-1 hidden-xs'>\n<\/div>\n<\/div>\n<hr>\n<p><\/p>\n<div class='row'>\n<div class='col-sm-11 col-xs-12'>\n<span style='color: #32a3c3;'><strong>Rencontres musicales internationales des Graves <\/strong><\/span><br \/>\n<span><strong>Lieu<\/strong>: Gradignan (33)<\/span><br \/>\n<span><strong>Dates<\/strong>: 19 juillet &#8211; 26 juillet<\/span><br \/>\n<span><strong>Professeur(s)<\/strong>: Sandrine FRAN\u00c7OIS<\/span><br \/>\n<span><strong>Site web<\/strong>: <a href=\"https:\/\/musique-en-graves.com\/\" rel=\"noopener\" target=\"_blank\">https:\/\/musique-en-graves.com\/<\/a><\/span><br \/>\n<span><strong>Autres informations<\/strong>:Ce stage offre d\u2019excellentes conditions de travail avec h\u00e9bergement en studios individuels.<br \/>\nCours quotidiens pour tous niveaux : travail du r\u00e9pertoire, des traits d\u2019orchestre, respiration circulaire, pr\u00e9paration aux concours et perfectionnement pour les pr\u00e9-professionnels.<\/span>\n<\/div>\n<div class='col-sm-1 hidden-xs'>\n<\/div>\n<\/div>\n<hr>\n<p><\/p>\n<div class='row'>\n<div class='col-sm-11 col-xs-12'>\n<span style='color: #32a3c3;'><strong>Stage de musique \u00e0 Chanac <\/strong><\/span><br \/>\n<span><strong>Lieu<\/strong>: Chanac (48)<\/span><br \/>\n<span><strong>Dates<\/strong>: 19 juillet &#8211; 30 juillet<\/span><br \/>\n<span><strong>Professeur(s)<\/strong>: Myriam CHIAPPARIN<\/span><br \/>\n<span><strong>Site web<\/strong>: <a href=\"https:\/\/amusel.org\/1ere-session\/\" rel=\"noopener\" target=\"_blank\">https:\/\/amusel.org\/1ere-session\/<\/a><\/span>\n<\/div>\n<div class='col-sm-1 hidden-xs'>\n<\/div>\n<\/div>\n<hr>\n<p><\/p>\n<div class='row'>\n<div class='col-sm-11 col-xs-12'>\n<span style='color: #32a3c3;'><strong>Wiener Meisterkurse 2025<\/strong><\/span><br \/>\n<span><strong>Lieu<\/strong>: Vienne (Autriche)<\/span><br \/>\n<span><strong>Dates<\/strong>: 20 juillet &#8211; 25 juillet<\/span><br \/>\n<span><strong>Professeur(s)<\/strong>: Raquele MAGALH\u00c3ES<\/span><br \/>\n<span><strong>Site web<\/strong>: <a href=\"https:\/\/emi-vienna.com\/en\/study-at-emi-vienna\/\" rel=\"noopener\" target=\"_blank\">https:\/\/emi-vienna.com\/en\/study-at-emi-vienna\/<\/a><\/span>\n<\/div>\n<div class='col-sm-1 hidden-xs'>\n<\/div>\n<\/div>\n<hr>\n<p><\/p>\n<div class='row'>\n<div class='col-sm-8 col-xs-12'>\n<span style='color: #32a3c3;'><strong>Tibor Varga Acad\u00e9mie<\/strong><\/span><br \/>\n<span><strong>Lieu<\/strong>: Sion (Suisse)<\/span><br \/>\n<span><strong>Dates<\/strong>: 20 juillet &#8211; 26 juillet<\/span><br \/>\n<span><strong>Professeur(s)<\/strong>: Jos\u00e9-Daniel CASTELLON<br \/>\n<\/span><br \/>\n<span><strong>Site web<\/strong>: <a href=\"https:\/\/sion-violon-musique.ch\/03-homepage-academie-dete-fr\/\" rel=\"noopener\" target=\"_blank\">https:\/\/sion-violon-musique.ch\/03-homepage-academie-dete-fr\/<\/a><\/span>\n<\/div>\n<div class='col-sm-4 hidden-xs'>\n<a class=\"image-lightbox\" href=\"https:\/\/latraversiere.fr\/wp-content\/uploads\/2025\/05\/VargaAcademy.jpg\"><img loading=\"lazy\" style=\"max-width=100%\" src=\"https:\/\/latraversiere.fr\/wp-content\/uploads\/2025\/05\/VargaAcademy.jpg\" alt=\"\" width=\"1128\" height=\"1600\" class=\"aligncenter size-full wp-image-28455\" srcset=\"https:\/\/latraversiere.fr\/wp-content\/uploads\/2025\/05\/VargaAcademy.jpg 1128w, https:\/\/latraversiere.fr\/wp-content\/uploads\/2025\/05\/VargaAcademy-212x300.jpg 212w, https:\/\/latraversiere.fr\/wp-content\/uploads\/2025\/05\/VargaAcademy-722x1024.jpg 722w, https:\/\/latraversiere.fr\/wp-content\/uploads\/2025\/05\/VargaAcademy-768x1089.jpg 768w, https:\/\/latraversiere.fr\/wp-content\/uploads\/2025\/05\/VargaAcademy-1083x1536.jpg 1083w, https:\/\/latraversiere.fr\/wp-content\/uploads\/2025\/05\/VargaAcademy-180x255.jpg 180w, https:\/\/latraversiere.fr\/wp-content\/uploads\/2025\/05\/VargaAcademy-300x426.jpg 300w, https:\/\/latraversiere.fr\/wp-content\/uploads\/2025\/05\/VargaAcademy-600x851.jpg 600w\" sizes=\"(max-width: 1128px) 100vw, 1128px\" \/><\/a>\n<\/div>\n<\/div>\n<hr>\n<p><\/p>\n<div class='row'>\n<div class='col-sm-11 col-xs-12'>\n<span style='color: #32a3c3;'><strong>Acad\u00e9mie Internationale d\u2019Et\u00e9 de Nice <\/strong><\/span><br \/>\n<span><strong>Lieu<\/strong>: Nice (06)<\/span><br \/>\n<span><strong>Dates<\/strong>: 21 juillet &#8211; 27 juillet<\/span><br \/>\n<span><strong>Professeur(s)<\/strong>: Lee SYUNG ; Vincent LUCAS<\/span><br \/>\n<span><strong>Site web<\/strong>: <a href=\"https:\/\/www.academie-internationale-ete-nice.org\/\" rel=\"noopener\" target=\"_blank\">https:\/\/www.academie-internationale-ete-nice.org\/<\/a><\/span>\n<\/div>\n<div class='col-sm-1 hidden-xs'>\n<\/div>\n<\/div>\n<hr>\n<p><\/p>\n<div class='row'>\n<div class='col-sm-11 col-xs-12'>\n<span style='color: #32a3c3;'><strong>Acad\u00e9mie Musicalta<\/strong><\/span><br \/>\n<span><strong>Lieu<\/strong>: Rouffach (68)<\/span><br \/>\n<span><strong>Dates<\/strong>: 21 juillet \u2013 30 juillet<\/span><br \/>\n<span><strong>Professeur(s)<\/strong>: Evelin DEGEN ; Pascale FEUVRIER ; Lieve GOOSSENS ; Gionata SGAMBARO<\/span><br \/>\n<span><strong>Site web<\/strong>: <a href=\"https:\/\/www.musicalta.com\/\" rel=\"noopener\" target=\"_blank\">https:\/\/www.musicalta.com\/<\/a><\/span>\n<\/div>\n<div class='col-sm-1 hidden-xs'>\n<\/div>\n<\/div>\n<hr>\n<p><\/p>\n<div class='row'>\n<div class='col-sm-11 col-xs-12'>\n<span style='color: #32a3c3;'><strong>Echap\u00e9e Musicale en Vall\u00e9e de Chevreuse<\/strong><\/span><br \/>\n<span><strong>Lieu<\/strong>: Milon la Chapelle (78)<\/span><br \/>\n<span><strong>Dates<\/strong>: 21 juillet &#8211; 30 juillet<\/span><br \/>\n<span><strong>Professeur(s)<\/strong>: Lucile RENON (fl\u00fbte) ; Patrice BOCQUILLON (fl\u00fbte) ; Juliette FERREIRA (fl\u00fbte, piccolo &#038; improvisation)<\/span><br \/>\n<span><strong>Site web<\/strong>: <a href=\"https:\/\/moulindelamare.fr\/\" rel=\"noopener\" target=\"_blank\">https:\/\/moulindelamare.fr\/<\/a><\/span>\n<\/div>\n<div class='col-sm-1 hidden-xs'>\n<\/div>\n<\/div>\n<hr>\n<p><\/p>\n<div class='row'>\n<div class='col-sm-11 col-xs-12'>\n<span style='color: #32a3c3;'><strong>Acad\u00e9mie Internationale de Musique et de Danse de la Lor\u00e8ze<\/strong><\/span><br \/>\n<span><strong>Lieu<\/strong>: La Canourge (48)<\/span><br \/>\n<span><strong>Dates<\/strong>: 21 juillet &#8211; 2 ao\u00fbt<\/span><br \/>\n<span><strong>Professeur(s)<\/strong>: Sandra MAVEL ; Sandrine PONCET-RETAILLAUD<\/span><br \/>\n<span><strong>Site web<\/strong>: <a href=\"https:\/\/www.musique-lozere.com\/\" rel=\"noopener\" target=\"_blank\">https:\/\/www.musique-lozere.com\/<\/a><\/span>\n<\/div>\n<div class='col-sm-1 hidden-xs'>\n<\/div>\n<\/div>\n<hr>\n<p><\/p>\n<div class='row'>\n<div class='col-sm-11 col-xs-12'>\n<span style='color: #32a3c3;'><strong>Acad\u00e9mie d\u2019\u00e9t\u00e9 op. 74 \u00e0 Flaine<\/strong><\/span><br \/>\n<span><strong>Lieu<\/strong>: Flaine (74)<\/span><br \/>\n<span><strong>Dates<\/strong>: 26 juillet &#8211; 2 ao\u00fbt <\/span><br \/>\n<span><strong>Professeur(s)<\/strong>: La\u00ebtitia BRAULT ; Florencia JAURENA ; B\u00e9atrice SIERRA ; Esther TISSOT YOON ; Fran\u00e7ois VEILHAN<\/span><br \/>\n<span><strong>Site web<\/strong>: <a href=\"https:\/\/opus74-flaine.com\/\" rel=\"noopener\" target=\"_blank\">https:\/\/opus74-flaine.com\/<\/a><\/span>\n<\/div>\n<div class='col-sm-1 hidden-xs'>\n<\/div>\n<\/div>\n<hr>\n<p><\/p>\n<div class='row'>\n<div class='col-sm-11 col-xs-12'>\n<span style='color: #32a3c3;'><strong>International Music Academy<\/strong><\/span><br \/>\n<span><strong>Lieu<\/strong>: Dinant (Belgique)<\/span><br \/>\n<span><strong>Dates<\/strong>: 28 juillet &#8211; 3 ao\u00fbt<\/span><br \/>\n<span><strong>Professeur(s)<\/strong>: Pierre POUILLAUDE, Odile RENAULT <\/span><br \/>\n<span><strong>Site web<\/strong>: <a href=\"https:\/\/www.internationalmusicacademy.com\/index.php\/ct-menu1-item2\" rel=\"noopener\" target=\"_blank\">https:\/\/www.internationalmusicacademy.com\/index.php\/ct-menu1-item2<\/a><\/span>\n<\/div>\n<div class='col-sm-1 hidden-xs'>\n<\/div>\n<\/div>\n<hr>\n<p><\/p>\n<div class='row'>\n<div class='col-sm-11 col-xs-12'>\n<span style='color: #32a3c3;'><strong>Acad\u00e9mie Internationale de Musique et de Danse de la Lor\u00e8ze<\/strong><\/span><br \/>\n<span><strong>Lieu<\/strong>: Mende (48)<\/span><br \/>\n<span><strong>Dates<\/strong>: 28 juillet &#8211; 9 ao\u00fbt<\/span><br \/>\n<span><strong>Professeur(s)<\/strong>: Alice SZYMANSKI (fl\u00fbte, traverso, piccolo)<\/span><br \/>\n<span><strong>Site web<\/strong>: <a href=\"https:\/\/www.musique-lozere.com\/\" rel=\"noopener\" target=\"_blank\">https:\/\/www.musique-lozere.com\/<\/a><\/span>\n<\/div>\n<div class='col-sm-1 hidden-xs'>\n<\/div>\n<\/div>\n<hr>\n<p><\/p>\n<div class='row'>\n<div class='col-sm-11 col-xs-12'>\n<span style='color: #32a3c3;'><strong>Acad\u00e9mie Internationale d\u2019Et\u00e9 de Nice <\/strong><\/span><br \/>\n<span><strong>Lieu<\/strong>: Nice (06)<\/span><br \/>\n<span><strong>Dates<\/strong>: 29 juillet &#8211; 3 Ao\u00fbt<\/span><br \/>\n<span><strong>Professeur(s)<\/strong>: Claude LEFEBVRE<\/span><br \/>\n<span><strong>Site web<\/strong>: <a href=\"https:\/\/www.academie-internationale-ete-nice.org\/\" rel=\"noopener\" target=\"_blank\">https:\/\/www.academie-internationale-ete-nice.org\/<\/a><\/span>\n<\/div>\n<div class='col-sm-1 hidden-xs'>\n<\/div>\n<\/div>\n<hr>\n<p><\/p>\n<div class='row'>\n<div class='col-sm-11 col-xs-12'>\n<span style='color: #32a3c3;'><strong>Stage Musical D\u2019ensemble \u00ab Les Nuits Et Les Jours De Querbes \u00bb<\/strong><\/span><br \/>\n<span><strong>Lieu<\/strong>: Capdenac-Gare (12)<\/span><br \/>\n<span><strong>Dates<\/strong>: 31 juillet -3 ao\u00fbt<\/span><br \/>\n<span><strong>Professeur(s)<\/strong>: C\u00e9cile GRABIAS<\/span><br \/>\n<span><strong>Site web<\/strong>: <a href=\"https:\/\/www.querbes.fr\/\" rel=\"noopener\" target=\"_blank\">https:\/\/www.querbes.fr\/<\/a><\/span><br \/>\n<span><strong>Autres informations<\/strong>:Stage d\u2019ensemble ouvert aux amateurs de tous \u00e2ges, tous niveaux et tous instruments. Programme adapt\u00e9 \u00e0 chacun, ax\u00e9 sur le travail collectif, l\u2019initiation \u00e0 l\u2019improvisation et la pratique de la sc\u00e8ne.<br \/>\nRestitution publique dans le cadre du festival de jazz Les Nuits &#038; les Jours de Querbes.<\/p>\n<p><\/span>\n<\/div>\n<div class='col-sm-1 hidden-xs'>\n<\/div>\n<\/div>\n<hr>\n<p><\/p>\n<div class='row'>\n<div class='col-sm-11 col-xs-12'>\n<span style='color: #32a3c3;'><strong>Musicalp<\/strong><\/span><br \/>\n<span><strong>Lieu<\/strong>: Tignes (73)<\/span><br \/>\n<span><strong>Dates<\/strong>: 31 juillet &#8211; 11 ao\u00fbt<\/span><br \/>\n<span><strong>Professeur(s)<\/strong>: Mathieu DUFOUR ; Shigenori KUDO<\/span><br \/>\n<span><strong>Site web<\/strong>: <a href=\"https:\/\/www.festivalmusicalp.com\/\" rel=\"noopener\" target=\"_blank\">https:\/\/www.festivalmusicalp.com\/<\/a><\/span>\n<\/div>\n<div class='col-sm-1 hidden-xs'>\n<\/div>\n<\/div>\n<hr>\n<p><\/p>\n<div class='row'>\n<div class='col-sm-11 col-xs-12'>\n<span style='color: #32a3c3;'><strong>Stage de musique \u00e0 Chanac <\/strong><\/span><br \/>\n<span><strong>Lieu<\/strong>: Chanac (48)<\/span><br \/>\n<span><strong>Dates<\/strong>: 31 juillet &#8211; 11 ao\u00fbt<\/span><br \/>\n<span><strong>Professeur(s)<\/strong>: Pauline SCHLOUCH<\/span><br \/>\n<span><strong>Site web<\/strong>: <a href=\"https:\/\/amusel.org\/1ere-session\/\" rel=\"noopener\" target=\"_blank\">https:\/\/amusel.org\/1ere-session\/<\/a><\/span>\n<\/div>\n<div class='col-sm-1 hidden-xs'>\n<\/div>\n<\/div>\n<hr>\n<p><\/p>\n<div class='row'>\n<div class='col-sm-11 col-xs-12'>\n<span style='color: #32a3c3;'><strong>Acad\u00e9mie Musicalta<\/strong><\/span><br \/>\n<span><strong>Lieu<\/strong>: Rouffach (68)<\/span><br \/>\n<span><strong>Dates<\/strong>: 1 ao\u00fbt &#8211; 10 ao\u00fbt<\/span><br \/>\n<span><strong>Professeur(s)<\/strong>: Iris DAVERIO ; Michael FAUST ; Emmanuelle REVILLE<\/span><br \/>\n<span><strong>Site web<\/strong>: <a href=\"https:\/\/www.musicalta.com\/\" rel=\"noopener\" target=\"_blank\">https:\/\/www.musicalta.com\/<\/a><\/span>\n<\/div>\n<div class='col-sm-1 hidden-xs'>\n<\/div>\n<\/div>\n<hr>\n<p><\/p>\n<div class='row'>\n<div class='col-sm-11 col-xs-12'>\n<span style='color: #32a3c3;'><strong>Acad\u00e9mie Musique \u00e0 Groix<\/strong><\/span><br \/>\n<span><strong>Lieu<\/strong>: \u00cele de Groix (56)<\/span><br \/>\n<span><strong>Dates<\/strong>: 2 ao\u00fbt &#8211; 9 ao\u00fbt<\/span><br \/>\n<span><strong>Professeur(s)<\/strong>: Sandrine FRAN\u00c7OIS<\/span><br \/>\n<span><strong>Site web<\/strong>: <a href=\"https:\/\/www.musiqueagroix.com\/\" rel=\"noopener\" target=\"_blank\">https:\/\/www.musiqueagroix.com\/<\/a><\/span><br \/>\n<span><strong>Autres informations<\/strong>:Pas d\u2019h\u00e9bergement pr\u00e9vu, mais de nombreuses locations sont disponibles sur l\u2019\u00eele. Les organisateurs accompagnent les participants dans la recherche de logement.<br \/>\nCours quotidiens pour tous niveaux.<\/span>\n<\/div>\n<div class='col-sm-1 hidden-xs'>\n<\/div>\n<\/div>\n<hr>\n<p><\/p>\n<div class='row'>\n<div class='col-sm-11 col-xs-12'>\n<span style='color: #32a3c3;'><strong>Acad\u00e9mie Internationale de musique de Flaine<\/strong><\/span><br \/>\n<span><strong>Lieu<\/strong>: Flaine (74)<\/span><br \/>\n<span><strong>Dates<\/strong>: 2 ao\u00fbt &#8211; 16 ao\u00fbt<\/span><br \/>\n<span><strong>Professeur(s)<\/strong>: Florian COUSIN ; Raquele MAGALH\u00c3ES<\/span><br \/>\n<span><strong>Site web<\/strong>: <a href=\"https:\/\/www.aimdeflaine.com\/\" rel=\"noopener\" target=\"_blank\">https:\/\/www.aimdeflaine.com\/<\/a><\/span>\n<\/div>\n<div class='col-sm-1 hidden-xs'>\n<\/div>\n<\/div>\n<hr>\n<p><\/p>\n<div class='row'>\n<div class='col-sm-11 col-xs-12'>\n<span style='color: #32a3c3;'><strong>Acad\u00e9mie Internationale d\u2019Et\u00e9 de Nice <\/strong><\/span><br \/>\n<span><strong>Lieu<\/strong>: Nice (06)<\/span><br \/>\n<span><strong>Dates<\/strong>: 4 ao\u00fbt &#8211; 10 ao\u00fbt<\/span><br \/>\n<span><strong>Professeur(s)<\/strong>: Julien BEAUDIMENT<\/span><br \/>\n<span><strong>Site web<\/strong>: <a href=\"https:\/\/www.academie-internationale-ete-nice.org\/\" rel=\"noopener\" target=\"_blank\">https:\/\/www.academie-internationale-ete-nice.org\/<\/a><\/span>\n<\/div>\n<div class='col-sm-1 hidden-xs'>\n<\/div>\n<\/div>\n<hr>\n<p><\/p>\n<div class='row'>\n<div class='col-sm-11 col-xs-12'>\n<span style='color: #32a3c3;'><strong>International Music Academy<\/strong><\/span><br \/>\n<span><strong>Lieu<\/strong>: Dinant (Belgique)<\/span><br \/>\n<span><strong>Dates<\/strong>: 4 ao\u00fbt &#8211; 10 ao\u00fbt<\/span><br \/>\n<span><strong>Professeur(s)<\/strong>: Vincent CORTVRINT ; Sandrine DESMET ; Myriam GRAULUS ; Odile RENAULT ; Delphine TCHAOUSSOGLOU<\/span><br \/>\n<span><strong>Site web<\/strong>: <a href=\"https:\/\/www.internationalmusicacademy.com\/index.php\/ct-menu1-item2\" rel=\"noopener\" target=\"_blank\">https:\/\/www.internationalmusicacademy.com\/index.php\/ct-menu1-item2<\/a><\/span>\n<\/div>\n<div class='col-sm-1 hidden-xs'>\n<\/div>\n<\/div>\n<hr>\n<p><\/p>\n<div class='row'>\n<div class='col-sm-11 col-xs-12'>\n<span style='color: #32a3c3;'><strong>Acad\u00e9mie Internationale de Musique et de Danse de la Lor\u00e8ze<\/strong><\/span><br \/>\n<span><strong>Lieu<\/strong>: La Canourge (48)<\/span><br \/>\n<span><strong>Dates<\/strong>: 4 ao\u00fbt &#8211; 16 ao\u00fbt<\/span><br \/>\n<span><strong>Professeur(s)<\/strong>: Fr\u00e9d\u00e9rique GRUSZECKI ; Caroline MARCHESSEAU<\/span><br \/>\n<span><strong>Site web<\/strong>: <a href=\"https:\/\/www.musique-lozere.com\/\" rel=\"noopener\" target=\"_blank\">https:\/\/www.musique-lozere.com\/<\/a><\/span>\n<\/div>\n<div class='col-sm-1 hidden-xs'>\n<\/div>\n<\/div>\n<hr>\n<p><\/p>\n<div class='row'>\n<div class='col-sm-8 col-xs-12'>\n<span style='color: #32a3c3;'><strong>XXV\u1d49 Rencontres Musicales de Mosset<\/strong><\/span><br \/>\n<span><strong>Lieu<\/strong>: Mosset (66)<\/span><br \/>\n<span><strong>Dates<\/strong>: 9 ao\u00fbt &#8211; 17 ao\u00fbt <\/span><br \/>\n<span><strong>Professeur(s)<\/strong>: Annie PLOQUIN-RIGNOL ; Charlotte VANOUCHE<\/span><br \/>\n<span><strong>Site web<\/strong>: <a href=\"https:\/\/www.annieploquinrignol.com\/inscriptions-aux-xixeme-rencontres-musicales-de-mosset\/\" rel=\"noopener\" target=\"_blank\">https:\/\/www.annieploquinrignol.com\/inscriptions-aux-xixeme-rencontres-musicales-de-mosset\/<\/a><\/span>\n<\/div>\n<div class='col-sm-4 hidden-xs'>\n<a class=\"image-lightbox\" href=\"https:\/\/latraversiere.fr\/wp-content\/uploads\/2025\/05\/StageRencontresMusicalesMosset2025.jpg\"><img loading=\"lazy\" style=\"max-width:100%;\" src=\"https:\/\/latraversiere.fr\/wp-content\/uploads\/2025\/05\/StageRencontresMusicalesMosset2025.jpg\" alt=\"\" width=\"640\" height=\"453\" class=\"aligncenter size-full wp-image-28340\" srcset=\"https:\/\/latraversiere.fr\/wp-content\/uploads\/2025\/05\/StageRencontresMusicalesMosset2025.jpg 640w, https:\/\/latraversiere.fr\/wp-content\/uploads\/2025\/05\/StageRencontresMusicalesMosset2025-300x212.jpg 300w, https:\/\/latraversiere.fr\/wp-content\/uploads\/2025\/05\/StageRencontresMusicalesMosset2025-180x127.jpg 180w, https:\/\/latraversiere.fr\/wp-content\/uploads\/2025\/05\/StageRencontresMusicalesMosset2025-600x425.jpg 600w\" sizes=\"(max-width: 640px) 100vw, 640px\" \/><\/a>\n<\/div>\n<\/div>\n<hr>\n<p><\/p>\n<div class='row'>\n<div class='col-sm-11 col-xs-12'>\n<span style='color: #32a3c3;'><strong>International Flute Course In France<\/strong><\/span><br \/>\n<span><strong>Lieu<\/strong>: Renti\u00e8res  (63)<\/span><br \/>\n<span><strong>Dates<\/strong>: 11 ao\u00fbt &#8211; 16 ao\u00fbt<\/span><br \/>\n<span><strong>Professeur(s)<\/strong>: SamuelCOLES<\/span><br \/>\n<span><strong>Site web<\/strong>: <a href=\"\" rel=\"noopener\" target=\"_blank\"><\/a><\/span><br \/>\n<span><strong>Autres informations<\/strong>:Nombre de places limit\u00e9.<br \/>\nLes cours sont principalement dispens\u00e9s en anglais, mais le fran\u00e7ais peut \u00e9galement \u00eatre utilis\u00e9 si besoin.<br \/>\nPour toute question ou demande particuli\u00e8re, vous pouvez contacter Raphaele Coles :<br \/>\n+33 6 85 33 32 52 (WhatsApp)<br \/>\nraphaele.coles@gmail.com<\/span>\n<\/div>\n<div class='col-sm-1 hidden-xs'>\n<\/div>\n<\/div>\n<hr>\n<p><\/p>\n<div class='row'>\n<div class='col-sm-11 col-xs-12'>\n<span style='color: #32a3c3;'><strong>10e Acad\u00e9mie de musiques et danses anciennes<\/strong><\/span><br \/>\n<span><strong>Lieu<\/strong>: Le Havre (76)<\/span><br \/>\n<span><strong>Dates<\/strong>: 11 ao\u00fbt &#8211; 17 ao\u00fbt<\/span><br \/>\n<span><strong>Professeur(s)<\/strong>: Fran\u00e7ois LAZAREVITCH ; Georges BARTHEL<\/span><br \/>\n<span><strong>Site web<\/strong>: <a href=\"https:\/\/www.lesmusiciensdesaintjulien.fr\/academie\/10e-academie-de-musique-et-danses-anciennes\/\" rel=\"noopener\" target=\"_blank\">https:\/\/www.lesmusiciensdesaintjulien.fr\/academie\/10e-academie-de-musique-et-danses-anciennes\/<\/a><\/span>\n<\/div>\n<div class='col-sm-1 hidden-xs'>\n<\/div>\n<\/div>\n<hr>\n<p><\/p>\n<div class='row'>\n<div class='col-sm-11 col-xs-12'>\n<span style='color: #32a3c3;'><strong>International Music Academy<\/strong><\/span><br \/>\n<span><strong>Lieu<\/strong>: Dinant (Belgique)<\/span><br \/>\n<span><strong>Dates<\/strong>: 11 ao\u00fbt &#8211; 17 ao\u00fbt<\/span><br \/>\n<span><strong>Professeur(s)<\/strong>: Maud LEROY ; Laura SANDRIN<\/span><br \/>\n<span><strong>Site web<\/strong>: <a href=\"https:\/\/www.internationalmusicacademy.com\/index.php\/ct-menu1-item2\" rel=\"noopener\" target=\"_blank\">https:\/\/www.internationalmusicacademy.com\/index.php\/ct-menu1-item2<\/a><\/span>\n<\/div>\n<div class='col-sm-1 hidden-xs'>\n<\/div>\n<\/div>\n<hr>\n<p><\/p>\n<div class='row'>\n<div class='col-sm-11 col-xs-12'>\n<span style='color: #32a3c3;'><strong>Musicalp<\/strong><\/span><br \/>\n<span><strong>Lieu<\/strong>: Tignes (73)<\/span><br \/>\n<span><strong>Dates<\/strong>: 11 ao\u00fbt &#8211; 22 ao\u00fbt <\/span><br \/>\n<span><strong>Professeur(s)<\/strong>: Mathilde CALDERINI ; Mathieu DUFOUR ; Vincent LUCAS ; Hyeri YOON<\/span><br \/>\n<span><strong>Site web<\/strong>: <a href=\"https:\/\/www.festivalmusicalp.com\/\" rel=\"noopener\" target=\"_blank\">https:\/\/www.festivalmusicalp.com\/<\/a><\/span>\n<\/div>\n<div class='col-sm-1 hidden-xs'>\n<\/div>\n<\/div>\n<hr>\n<p><\/p>\n<div class='row'>\n<div class='col-sm-11 col-xs-12'>\n<span style='color: #32a3c3;'><strong>Stage de musique \u00e0 Chanac <\/strong><\/span><br \/>\n<span><strong>Lieu<\/strong>: Chanac (48)<\/span><br \/>\n<span><strong>Dates<\/strong>: 12 ao\u00fbt &#8211; 23 ao\u00fbt<\/span><br \/>\n<span><strong>Professeur(s)<\/strong>: Galina DOYCHINOVA<\/span><br \/>\n<span><strong>Site web<\/strong>: <a href=\"https:\/\/amusel.org\/1ere-session\/\" rel=\"noopener\" target=\"_blank\">https:\/\/amusel.org\/1ere-session\/<\/a><\/span>\n<\/div>\n<div class='col-sm-1 hidden-xs'>\n<\/div>\n<\/div>\n<hr>\n<p><\/p>\n<div class='row'>\n<div class='col-sm-11 col-xs-12'>\n<span style='color: #32a3c3;'><strong>Acad\u00e9mie d&#8217;\u00e9t\u00e9 Tutti en Baronnies<\/strong><\/span><br \/>\n<span><strong>Lieu<\/strong>: Buis-les-Baronnies (26)<\/span><br \/>\n<span><strong>Dates<\/strong>: 15 ao\u00fbt &#8211; 25 ao\u00fbt <\/span><br \/>\n<span><strong>Professeur(s)<\/strong>: Fran\u00e7ois DAUDIN CLAVAUD ; Xavier SAINT-BONNET ; Michel BOIZOT ; Toon FRET (Belgique)<\/span><br \/>\n<span><strong>Site web<\/strong>: <a href=\"https:\/\/www.tuttienbaronnies.fr\/accueil\" rel=\"noopener\" target=\"_blank\">https:\/\/www.tuttienbaronnies.fr\/accueil<\/a><\/span>\n<\/div>\n<div class='col-sm-1 hidden-xs'>\n<\/div>\n<\/div>\n<hr>\n<p><\/p>\n<div class='row'>\n<div class='col-sm-11 col-xs-12'>\n<span style='color: #32a3c3;'><strong>Musicassiopee<\/strong><\/span><br \/>\n<span><strong>Lieu<\/strong>: S\u00e9es (61)<\/span><br \/>\n<span><strong>Dates<\/strong>: 16 ao\u00fbt &#8211; 24 ao\u00fbt<\/span><br \/>\n<span><strong>Professeur(s)<\/strong>: Aline CHEMINADE ; Thierry DURAND<\/span><br \/>\n<span><strong>Site web<\/strong>: <a href=\"https:\/\/www.musicassiopee.fr\/\" rel=\"noopener\" target=\"_blank\">https:\/\/www.musicassiopee.fr\/<\/a><\/span><br \/>\n<span><strong>Autres informations<\/strong>:Stage musical reconnu depuis plus de 20 ans, r\u00e9unissant chaque ann\u00e9e une centaine d\u2019\u00e9l\u00e8ves du 1er au 3e cycle. Au programme : musique de chambre, orchestre, ateliers autour du tango, jazz, musique sud-am\u00e9ricaine, improvisation, composition\u2026 Pratique instrumentale quotidienne, auditions, ensembles et prestations, le tout dans une ambiance bienveillante et musicale, encadr\u00e9e par une \u00e9quipe BAFA agr\u00e9\u00e9e.<\/span>\n<\/div>\n<div class='col-sm-1 hidden-xs'>\n<\/div>\n<\/div>\n<hr>\n<p><\/p>\n<div class='row'>\n<div class='col-sm-11 col-xs-12'>\n<span style='color: #32a3c3;'><strong>Acad\u00e9mie de Musique de Vence<\/strong><\/span><br \/>\n<span><strong>Lieu<\/strong>: Vence (06)<\/span><br \/>\n<span><strong>Dates<\/strong>: 23 ao\u00fbt &#8211; 28 ao\u00fbt<\/span><br \/>\n<span><strong>Professeur(s)<\/strong>: Ye Rin LEE ; Jocelyn AUBRUN ; Sibel PENSEL ; Peter VERHOYEN ; Caroline DEBONNE ; Prisca ESKENAZI ; L\u00e9o PENSEL<\/span><br \/>\n<span><strong>Site web<\/strong>: <a href=\"https:\/\/www.atraverslaflute.fr\/\" rel=\"noopener\" target=\"_blank\">https:\/\/www.atraverslaflute.fr\/<\/a><\/span>\n<\/div>\n<div class='col-sm-1 hidden-xs'>\n<\/div>\n<\/div>\n<hr>\n<p><\/p>\n<div class='row'>\n<div class='col-sm-8 col-xs-12'>\n<span style='color: #32a3c3;'><strong>Accademia Internazionale di Musica di Cagliari<\/strong><\/span><br \/>\n<span><strong>Lieu<\/strong>: Cagliari, Sardaigne (Italie)<\/span><br \/>\n<span><strong>Dates<\/strong>: 23 ao\u00fbt &#8211; 31 ao\u00fbt<\/span><br \/>\n<span><strong>Professeur(s)<\/strong>: Mathilde CALDERINI<\/span><br \/>\n<span><strong>Site web<\/strong>: <a href=\"https:\/\/accademiadicagliari.com\/\" rel=\"noopener\" target=\"_blank\">https:\/\/accademiadicagliari.com\/<\/a><\/span>\n<\/div>\n<div class='col-sm-4 hidden-xs'>\n<a class=\"image-lightbox\" href=\"https:\/\/latraversiere.fr\/wp-content\/uploads\/2025\/05\/StageAccademiaInternazionaleMusicaCagliari2025.jpg\"><img loading=\"lazy\" style=\"max-width:100%\" src=\"https:\/\/latraversiere.fr\/wp-content\/uploads\/2025\/05\/StageAccademiaInternazionaleMusicaCagliari2025.jpg\" alt=\"\" width=\"641\" height=\"960\" class=\"aligncenter size-full wp-image-28342\" srcset=\"https:\/\/latraversiere.fr\/wp-content\/uploads\/2025\/05\/StageAccademiaInternazionaleMusicaCagliari2025.jpg 641w, https:\/\/latraversiere.fr\/wp-content\/uploads\/2025\/05\/StageAccademiaInternazionaleMusicaCagliari2025-200x300.jpg 200w, https:\/\/latraversiere.fr\/wp-content\/uploads\/2025\/05\/StageAccademiaInternazionaleMusicaCagliari2025-180x270.jpg 180w, https:\/\/latraversiere.fr\/wp-content\/uploads\/2025\/05\/StageAccademiaInternazionaleMusicaCagliari2025-300x449.jpg 300w, https:\/\/latraversiere.fr\/wp-content\/uploads\/2025\/05\/StageAccademiaInternazionaleMusicaCagliari2025-600x899.jpg 600w\" sizes=\"(max-width: 641px) 100vw, 641px\" \/><\/a>\n<\/div>\n<\/div>\n<hr>\n<p><\/p>\n<div class='row'>\n<div class='col-sm-11 col-xs-12'>\n<span style='color: #32a3c3;'><strong>Fantaisie Improbable<\/strong><\/span><br \/>\n<span><strong>Lieu<\/strong>: Asnois (58)<\/span><br \/>\n<span><strong>Dates<\/strong>: 26 ao\u00fbt &#8211; 28 ao\u00fbt<\/span><br \/>\n<span><strong>Professeur(s)<\/strong>: Emilie CALME ; Laurent MAUR<\/span><br \/>\n<span><strong>Site web<\/strong>: <a href=\"https:\/\/www.emiliecalme.com\/\" rel=\"noopener\" target=\"_blank\">https:\/\/www.emiliecalme.com\/<\/a><\/span><br \/>\n<span><strong>Autres informations<\/strong>:Stage en lien avec l\u2019album Fantaisie Improbable, organis\u00e9 dans la Ni\u00e8vre (58).<br \/>\nOuvert aux instrumentistes de niveau interm\u00e9diaire \u00e0 confirm\u00e9, il propose une exploration d\u2019instrumentations originales, un approfondissement de l\u2019improvisation, de l\u2019arrangement, et de l\u2019accompagnement m\u00e9lodique au sein d\u2019un petit ensemble.<br \/>\nUn cadre propice \u00e0 la cr\u00e9ativit\u00e9 et \u00e0 l\u2019\u00e9change musical.<\/span>\n<\/div>\n<div class='col-sm-1 hidden-xs'>\n<\/div>\n<\/div>\n<hr>\n<p><\/p>\n<div class='row'>\n<div class='col-sm-11 col-xs-12'>\n<span style='color: #32a3c3;'><strong>Masterclass de traits d&#8217;orchestre<\/strong><\/span><br \/>\n<span><strong>Lieu<\/strong>: Gramat (46)<\/span><br \/>\n<span><strong>Dates<\/strong>: 26 ao\u00fbt &#8211; 30 ao\u00fbt<\/span><br \/>\n<span><strong>Professeur(s)<\/strong>: M\u00e9lisande DAUDET<\/span><br \/>\n<span><strong>Site web<\/strong>: <a href=\"https:\/\/stylevive31.wixsite.com\/website\" rel=\"noopener\" target=\"_blank\">https:\/\/stylevive31.wixsite.com\/website<\/a><\/span><br \/>\n<span><strong>Autres informations<\/strong>:Stage sp\u00e9cialement d\u00e9di\u00e9 aux traits d\u2019orchestres. Cours individuels journaliers, simulation d\u2019audition de concours derri\u00e8re paravent. Ce stage est cibl\u00e9 pour les laur\u00e9ats de CRR et \u00e9tudiants en cycles sup\u00e9rieurs.<\/p>\n<p><\/span>\n<\/div>\n<div class='col-sm-1 hidden-xs'>\n<\/div>\n<\/div>\n<hr>\n<p><\/p>\n<div class='row'>\n<div class='col-sm-11 col-xs-12'>\n<span style='color: #32a3c3;'><strong>Flute academy Sibenik<\/strong><\/span><br \/>\n<span><strong>Lieu<\/strong>: Sibenik (Croatie)<\/span><br \/>\n<span><strong>Dates<\/strong>: 4 septembre &#8211; 7 septembre<\/span><br \/>\n<span><strong>Professeur(s)<\/strong>: Philippe BERNOLD ; Karl-Heinz SCH\u00dcTZ ; Jan OSTRY<\/span><br \/>\n<span><strong>Site web<\/strong>: <a href=\"https:\/\/www.facebook.com\/profile.php?id=61557207339506&#038;mibextid=wwXIfr&#038;rdid=96pj8uze05Ty7GBh&#038;share_url=https%3A%2F%2Fwww.facebook.com%2Fshare%2F1DvDZpf5Uc%2F%3Fmibextid%3DwwXIfr#\" rel=\"noopener\" target=\"_blank\">https:\/\/www.facebook.com\/Flute academy Sibenik<\/a><\/span><br \/>\n<span><strong>Autres informations<\/strong>:Plus d&#8217;informations : rpenezic@gmail.com<\/span>\n<\/div>\n<div class='col-sm-1 hidden-xs'>\n<\/div>\n<\/div>\n<hr>\n<p><\/p>\n<p><strong>L\u2019association La Traversi\u00e8re est heureuse de relayer les informations concernant les stages de fl\u00fbte de l\u2019\u00e9t\u00e9 2025. Pour que cet article soit le plus complet possible, nous avons besoin de chacun : merci de faire circuler ces informations et de nous signaler tout stage manquant.<br \/>\nSi votre stage ne figure pas encore dans cette liste, \u00e9crivez-nous \u00e0 webzine@latraversiere.fr (objet : Stage de fl\u00fbte 2025) afin que nous puissions l\u2019ajouter !<\/strong><\/p>","protected":false},"excerpt":{"rendered":"<p class=\"qtranxs-available-languages-message qtranxs-available-languages-message-en\">Sorry, this entry is only available in <a href=\"https:\/\/latraversiere.fr\/fr\/wp-json\/wp\/v2\/posts\/28307\" class=\"qtranxs-available-language-link qtranxs-available-language-link-fr\" title=\"Fran\u00e7ais\">French<\/a>. For the sake of viewer convenience, the content is shown below in the alternative language. You may click the link to switch the active language.<\/p>\n<p>Cet \u00e9t\u00e9, place \u00e0 la fl\u00fbte !<br \/>\nLes stages de fl\u00fbte d\u2019\u00e9t\u00e9 sont bien plus qu\u2019un simple moment de pratique : ce sont de v\u00e9ritables parenth\u00e8ses musicales, riches en d\u00e9couvertes, en rencontres et en inspiration. Voici une s\u00e9lection de stage pour cet \u00e9t\u00e9 2025<\/p>\n","protected":false},"author":1,"featured_media":28322,"comment_status":"closed","ping_status":"open","sticky":false,"template":"","format":"standard","meta":[],"categories":[87],"tags":[],"yoast_head":"<!-- This site is optimized with the Yoast SEO plugin v17.5 - https:\/\/yoast.com\/wordpress\/plugins\/seo\/ -->\n<title>Une s\u00e9lection de stages pour cet \u00e9t\u00e9 2025 - LA TRAVERSIERE The french flute association<\/title>\n<meta name=\"robots\" content=\"index, follow, max-snippet:-1, max-image-preview:large, max-video-preview:-1\" \/>\n<link rel=\"canonical\" href=\"https:\/\/latraversiere.fr\/webzine\/actualite\/une-selection-de-stages-pour-cet-ete-2025\/\" \/>\n<meta property=\"og:locale\" content=\"en_US\" \/>\n<meta property=\"og:type\" content=\"article\" \/>\n<meta property=\"og:title\" content=\"Une s\u00e9lection de stages pour cet \u00e9t\u00e9 2025 - LA TRAVERSIERE The french flute association\" \/>\n<meta property=\"og:description\" content=\"[:fr]Cet \u00e9t\u00e9, place \u00e0 la fl\u00fbte ! Les stages de fl\u00fbte d\u2019\u00e9t\u00e9 sont bien plus qu\u2019un simple moment de pratique : ce sont de v\u00e9ritables parenth\u00e8ses musicales, riches en d\u00e9couvertes, en rencontres et en inspiration. Voici une s\u00e9lection de stage pour cet \u00e9t\u00e9 2025[:]\" \/>\n<meta property=\"og:url\" content=\"https:\/\/latraversiere.fr\/webzine\/actualite\/une-selection-de-stages-pour-cet-ete-2025\/\" \/>\n<meta property=\"og:site_name\" content=\"LA TRAVERSIERE The french flute association\" \/>\n<meta property=\"article:publisher\" content=\"https:\/\/www.facebook.com\/traversieres\/\" \/>\n<meta property=\"article:published_time\" content=\"2025-05-13T11:23:17+00:00\" \/>\n<meta property=\"article:modified_time\" content=\"2025-05-19T20:52:03+00:00\" \/>\n<meta property=\"og:image\" content=\"https:\/\/latraversiere.fr\/wp-content\/uploads\/2025\/05\/Stages-2025-Une.jpg\" \/>\n\t<meta property=\"og:image:width\" content=\"600\" \/>\n\t<meta property=\"og:image:height\" content=\"513\" \/>\n<meta name=\"twitter:card\" content=\"summary\" \/>\n<meta name=\"twitter:creator\" content=\"@La_Traversiere\" \/>\n<meta name=\"twitter:site\" content=\"@La_Traversiere\" \/>\n<meta name=\"twitter:label1\" content=\"Written by\" \/>\n\t<meta name=\"twitter:data1\" content=\"Thomas MALLET\" \/>\n\t<meta name=\"twitter:label2\" content=\"Est. reading time\" \/>\n\t<meta name=\"twitter:data2\" content=\"10 minutes\" \/>\n<script type=\"application\/ld+json\" class=\"yoast-schema-graph\">{\"@context\":\"https:\/\/schema.org\",\"@graph\":[{\"@type\":\"Organization\",\"@id\":\"https:\/\/latraversiere.fr\/#organization\",\"name\":\"La Traversi\\u00e8re - Association Fran\\u00e7aise de la Fl\\u00fbte\",\"url\":\"https:\/\/latraversiere.fr\/\",\"sameAs\":[\"https:\/\/www.facebook.com\/traversieres\/\",\"https:\/\/www.instagram.com\/la_traversiere\/\",\"https:\/\/www.youtube.com\/channel\/UC46MEQZI2BfRZNFUFqc59Sw\",\"https:\/\/twitter.com\/La_Traversiere\"],\"logo\":{\"@type\":\"ImageObject\",\"@id\":\"https:\/\/latraversiere.fr\/#logo\",\"inLanguage\":\"en-US\",\"url\":\"https:\/\/latraversiere.fr\/wp-content\/uploads\/2018\/01\/LOGO-Traversiere-SITE-1.png\",\"contentUrl\":\"https:\/\/latraversiere.fr\/wp-content\/uploads\/2018\/01\/LOGO-Traversiere-SITE-1.png\",\"width\":539,\"height\":200,\"caption\":\"La Traversi\\u00e8re - Association Fran\\u00e7aise de la Fl\\u00fbte\"},\"image\":{\"@id\":\"https:\/\/latraversiere.fr\/#logo\"}},{\"@type\":\"WebSite\",\"@id\":\"https:\/\/latraversiere.fr\/#website\",\"url\":\"https:\/\/latraversiere.fr\/\",\"name\":\"LA TRAVERSIERE The french flute association\",\"description\":\"\",\"publisher\":{\"@id\":\"https:\/\/latraversiere.fr\/#organization\"},\"potentialAction\":[{\"@type\":\"SearchAction\",\"target\":{\"@type\":\"EntryPoint\",\"urlTemplate\":\"https:\/\/latraversiere.fr\/?s={search_term_string}\"},\"query-input\":\"required name=search_term_string\"}],\"inLanguage\":\"en-US\"},{\"@type\":\"ImageObject\",\"@id\":\"https:\/\/latraversiere.fr\/webzine\/actualite\/une-selection-de-stages-pour-cet-ete-2025\/#primaryimage\",\"inLanguage\":\"en-US\",\"url\":\"https:\/\/latraversiere.fr\/wp-content\/uploads\/2025\/05\/Stages-2025-Une.jpg\",\"contentUrl\":\"https:\/\/latraversiere.fr\/wp-content\/uploads\/2025\/05\/Stages-2025-Une.jpg\",\"width\":600,\"height\":513},{\"@type\":\"WebPage\",\"@id\":\"https:\/\/latraversiere.fr\/webzine\/actualite\/une-selection-de-stages-pour-cet-ete-2025\/#webpage\",\"url\":\"https:\/\/latraversiere.fr\/webzine\/actualite\/une-selection-de-stages-pour-cet-ete-2025\/\",\"name\":\"Une s\\u00e9lection de stages pour cet \\u00e9t\\u00e9 2025 - LA TRAVERSIERE The french flute association\",\"isPartOf\":{\"@id\":\"https:\/\/latraversiere.fr\/#website\"},\"primaryImageOfPage\":{\"@id\":\"https:\/\/latraversiere.fr\/webzine\/actualite\/une-selection-de-stages-pour-cet-ete-2025\/#primaryimage\"},\"datePublished\":\"2025-05-13T11:23:17+00:00\",\"dateModified\":\"2025-05-19T20:52:03+00:00\",\"breadcrumb\":{\"@id\":\"https:\/\/latraversiere.fr\/webzine\/actualite\/une-selection-de-stages-pour-cet-ete-2025\/#breadcrumb\"},\"inLanguage\":\"en-US\",\"potentialAction\":[{\"@type\":\"ReadAction\",\"target\":[\"https:\/\/latraversiere.fr\/webzine\/actualite\/une-selection-de-stages-pour-cet-ete-2025\/\"]}]},{\"@type\":\"BreadcrumbList\",\"@id\":\"https:\/\/latraversiere.fr\/webzine\/actualite\/une-selection-de-stages-pour-cet-ete-2025\/#breadcrumb\",\"itemListElement\":[{\"@type\":\"ListItem\",\"position\":1,\"name\":\"Accueil\",\"item\":\"https:\/\/latraversiere.fr\/\"},{\"@type\":\"ListItem\",\"position\":2,\"name\":\"Une s\\u00e9lection de stages pour cet \\u00e9t\\u00e9 2025\"}]},{\"@type\":\"Article\",\"@id\":\"https:\/\/latraversiere.fr\/webzine\/actualite\/une-selection-de-stages-pour-cet-ete-2025\/#article\",\"isPartOf\":{\"@id\":\"https:\/\/latraversiere.fr\/webzine\/actualite\/une-selection-de-stages-pour-cet-ete-2025\/#webpage\"},\"author\":{\"@id\":\"https:\/\/latraversiere.fr\/#\/schema\/person\/49ed1d29827f483eda3a44dec9c62b39\"},\"headline\":\"Une s\\u00e9lection de stages pour cet \\u00e9t\\u00e9 2025\",\"datePublished\":\"2025-05-13T11:23:17+00:00\",\"dateModified\":\"2025-05-19T20:52:03+00:00\",\"mainEntityOfPage\":{\"@id\":\"https:\/\/latraversiere.fr\/webzine\/actualite\/une-selection-de-stages-pour-cet-ete-2025\/#webpage\"},\"wordCount\":1926,\"publisher\":{\"@id\":\"https:\/\/latraversiere.fr\/#organization\"},\"image\":{\"@id\":\"https:\/\/latraversiere.fr\/webzine\/actualite\/une-selection-de-stages-pour-cet-ete-2025\/#primaryimage\"},\"thumbnailUrl\":\"https:\/\/latraversiere.fr\/wp-content\/uploads\/2025\/05\/Stages-2025-Une.jpg\",\"articleSection\":[\"Actualit\\u00e9s\"],\"inLanguage\":\"en-US\"},{\"@type\":\"Person\",\"@id\":\"https:\/\/latraversiere.fr\/#\/schema\/person\/49ed1d29827f483eda3a44dec9c62b39\",\"name\":\"Thomas MALLET\",\"image\":{\"@type\":\"ImageObject\",\"@id\":\"https:\/\/latraversiere.fr\/#personlogo\",\"inLanguage\":\"en-US\",\"url\":\"https:\/\/secure.gravatar.com\/avatar\/74ac6f0286bcefc0974d6d00c3f96d33?s=96&d=mm&r=g\",\"contentUrl\":\"https:\/\/secure.gravatar.com\/avatar\/74ac6f0286bcefc0974d6d00c3f96d33?s=96&d=mm&r=g\",\"caption\":\"Thomas MALLET\"}}]}<\/script>\n<!-- \/ Yoast SEO plugin. -->","yoast_head_json":{"title":"Une s\u00e9lection de stages pour cet \u00e9t\u00e9 2025 - LA TRAVERSIERE The french flute association","robots":{"index":"index","follow":"follow","max-snippet":"max-snippet:-1","max-image-preview":"max-image-preview:large","max-video-preview":"max-video-preview:-1"},"canonical":"https:\/\/latraversiere.fr\/webzine\/actualite\/une-selection-de-stages-pour-cet-ete-2025\/","og_locale":"en_US","og_type":"article","og_title":"Une s\u00e9lection de stages pour cet \u00e9t\u00e9 2025 - LA TRAVERSIERE The french flute association","og_description":"[:fr]Cet \u00e9t\u00e9, place \u00e0 la fl\u00fbte ! Les stages de fl\u00fbte d\u2019\u00e9t\u00e9 sont bien plus qu\u2019un simple moment de pratique : ce sont de v\u00e9ritables parenth\u00e8ses musicales, riches en d\u00e9couvertes, en rencontres et en inspiration. Voici une s\u00e9lection de stage pour cet \u00e9t\u00e9 2025[:]","og_url":"https:\/\/latraversiere.fr\/webzine\/actualite\/une-selection-de-stages-pour-cet-ete-2025\/","og_site_name":"LA TRAVERSIERE The french flute association","article_publisher":"https:\/\/www.facebook.com\/traversieres\/","article_published_time":"2025-05-13T11:23:17+00:00","article_modified_time":"2025-05-19T20:52:03+00:00","og_image":[{"width":600,"height":513,"url":"https:\/\/latraversiere.fr\/wp-content\/uploads\/2025\/05\/Stages-2025-Une.jpg","type":"image\/jpeg"}],"twitter_card":"summary","twitter_creator":"@La_Traversiere","twitter_site":"@La_Traversiere","twitter_misc":{"Written by":"Thomas MALLET","Est. reading time":"10 minutes"},"schema":{"@context":"https:\/\/schema.org","@graph":[{"@type":"Organization","@id":"https:\/\/latraversiere.fr\/#organization","name":"La Traversi\u00e8re - Association Fran\u00e7aise de la Fl\u00fbte","url":"https:\/\/latraversiere.fr\/","sameAs":["https:\/\/www.facebook.com\/traversieres\/","https:\/\/www.instagram.com\/la_traversiere\/","https:\/\/www.youtube.com\/channel\/UC46MEQZI2BfRZNFUFqc59Sw","https:\/\/twitter.com\/La_Traversiere"],"logo":{"@type":"ImageObject","@id":"https:\/\/latraversiere.fr\/#logo","inLanguage":"en-US","url":"https:\/\/latraversiere.fr\/wp-content\/uploads\/2018\/01\/LOGO-Traversiere-SITE-1.png","contentUrl":"https:\/\/latraversiere.fr\/wp-content\/uploads\/2018\/01\/LOGO-Traversiere-SITE-1.png","width":539,"height":200,"caption":"La Traversi\u00e8re - Association Fran\u00e7aise de la Fl\u00fbte"},"image":{"@id":"https:\/\/latraversiere.fr\/#logo"}},{"@type":"WebSite","@id":"https:\/\/latraversiere.fr\/#website","url":"https:\/\/latraversiere.fr\/","name":"LA TRAVERSIERE The french flute association","description":"","publisher":{"@id":"https:\/\/latraversiere.fr\/#organization"},"potentialAction":[{"@type":"SearchAction","target":{"@type":"EntryPoint","urlTemplate":"https:\/\/latraversiere.fr\/?s={search_term_string}"},"query-input":"required name=search_term_string"}],"inLanguage":"en-US"},{"@type":"ImageObject","@id":"https:\/\/latraversiere.fr\/webzine\/actualite\/une-selection-de-stages-pour-cet-ete-2025\/#primaryimage","inLanguage":"en-US","url":"https:\/\/latraversiere.fr\/wp-content\/uploads\/2025\/05\/Stages-2025-Une.jpg","contentUrl":"https:\/\/latraversiere.fr\/wp-content\/uploads\/2025\/05\/Stages-2025-Une.jpg","width":600,"height":513},{"@type":"WebPage","@id":"https:\/\/latraversiere.fr\/webzine\/actualite\/une-selection-de-stages-pour-cet-ete-2025\/#webpage","url":"https:\/\/latraversiere.fr\/webzine\/actualite\/une-selection-de-stages-pour-cet-ete-2025\/","name":"Une s\u00e9lection de stages pour cet \u00e9t\u00e9 2025 - LA TRAVERSIERE The french flute association","isPartOf":{"@id":"https:\/\/latraversiere.fr\/#website"},"primaryImageOfPage":{"@id":"https:\/\/latraversiere.fr\/webzine\/actualite\/une-selection-de-stages-pour-cet-ete-2025\/#primaryimage"},"datePublished":"2025-05-13T11:23:17+00:00","dateModified":"2025-05-19T20:52:03+00:00","breadcrumb":{"@id":"https:\/\/latraversiere.fr\/webzine\/actualite\/une-selection-de-stages-pour-cet-ete-2025\/#breadcrumb"},"inLanguage":"en-US","potentialAction":[{"@type":"ReadAction","target":["https:\/\/latraversiere.fr\/webzine\/actualite\/une-selection-de-stages-pour-cet-ete-2025\/"]}]},{"@type":"BreadcrumbList","@id":"https:\/\/latraversiere.fr\/webzine\/actualite\/une-selection-de-stages-pour-cet-ete-2025\/#breadcrumb","itemListElement":[{"@type":"ListItem","position":1,"name":"Accueil","item":"https:\/\/latraversiere.fr\/"},{"@type":"ListItem","position":2,"name":"Une s\u00e9lection de stages pour cet \u00e9t\u00e9 2025"}]},{"@type":"Article","@id":"https:\/\/latraversiere.fr\/webzine\/actualite\/une-selection-de-stages-pour-cet-ete-2025\/#article","isPartOf":{"@id":"https:\/\/latraversiere.fr\/webzine\/actualite\/une-selection-de-stages-pour-cet-ete-2025\/#webpage"},"author":{"@id":"https:\/\/latraversiere.fr\/#\/schema\/person\/49ed1d29827f483eda3a44dec9c62b39"},"headline":"Une s\u00e9lection de stages pour cet \u00e9t\u00e9 2025","datePublished":"2025-05-13T11:23:17+00:00","dateModified":"2025-05-19T20:52:03+00:00","mainEntityOfPage":{"@id":"https:\/\/latraversiere.fr\/webzine\/actualite\/une-selection-de-stages-pour-cet-ete-2025\/#webpage"},"wordCount":1926,"publisher":{"@id":"https:\/\/latraversiere.fr\/#organization"},"image":{"@id":"https:\/\/latraversiere.fr\/webzine\/actualite\/une-selection-de-stages-pour-cet-ete-2025\/#primaryimage"},"thumbnailUrl":"https:\/\/latraversiere.fr\/wp-content\/uploads\/2025\/05\/Stages-2025-Une.jpg","articleSection":["Actualit\u00e9s"],"inLanguage":"en-US"},{"@type":"Person","@id":"https:\/\/latraversiere.fr\/#\/schema\/person\/49ed1d29827f483eda3a44dec9c62b39","name":"Thomas MALLET","image":{"@type":"ImageObject","@id":"https:\/\/latraversiere.fr\/#personlogo","inLanguage":"en-US","url":"https:\/\/secure.gravatar.com\/avatar\/74ac6f0286bcefc0974d6d00c3f96d33?s=96&d=mm&r=g","contentUrl":"https:\/\/secure.gravatar.com\/avatar\/74ac6f0286bcefc0974d6d00c3f96d33?s=96&d=mm&r=g","caption":"Thomas MALLET"}}]}},"_links":{"self":[{"href":"https:\/\/latraversiere.fr\/en\/wp-json\/wp\/v2\/posts\/28307"}],"collection":[{"href":"https:\/\/latraversiere.fr\/en\/wp-json\/wp\/v2\/posts"}],"about":[{"href":"https:\/\/latraversiere.fr\/en\/wp-json\/wp\/v2\/types\/post"}],"author":[{"embeddable":true,"href":"https:\/\/latraversiere.fr\/en\/wp-json\/wp\/v2\/users\/1"}],"replies":[{"embeddable":true,"href":"https:\/\/latraversiere.fr\/en\/wp-json\/wp\/v2\/comments?post=28307"}],"version-history":[{"count":33,"href":"https:\/\/latraversiere.fr\/en\/wp-json\/wp\/v2\/posts\/28307\/revisions"}],"predecessor-version":[{"id":28459,"href":"https:\/\/latraversiere.fr\/en\/wp-json\/wp\/v2\/posts\/28307\/revisions\/28459"}],"wp:featuredmedia":[{"embeddable":true,"href":"https:\/\/latraversiere.fr\/en\/wp-json\/wp\/v2\/media\/28322"}],"wp:attachment":[{"href":"https:\/\/latraversiere.fr\/en\/wp-json\/wp\/v2\/media?parent=28307"}],"wp:term":[{"taxonomy":"category","embeddable":true,"href":"https:\/\/latraversiere.fr\/en\/wp-json\/wp\/v2\/categories?post=28307"},{"taxonomy":"post_tag","embeddable":true,"href":"https:\/\/latraversiere.fr\/en\/wp-json\/wp\/v2\/tags?post=28307"}],"curies":[{"name":"wp","href":"https:\/\/api.w.org\/{rel}","templated":true}]}}