{"id":5918,"date":"2019-01-27T10:34:13","date_gmt":"2019-01-27T09:34:13","guid":{"rendered":"https:\/\/latraversiere.fr\/?p=5918"},"modified":"2025-12-08T18:38:00","modified_gmt":"2025-12-08T17:38:00","slug":"le-feuilleton-du-fifre-entretien-avec-roch-vandromme","status":"publish","type":"post","link":"https:\/\/latraversiere.fr\/en\/webzine\/entretien\/le-feuilleton-du-fifre-entretien-avec-roch-vandromme\/","title":{"rendered":"Le feuilleton du fifre \u2013 Entretien avec Roch Vandromme"},"content":{"rendered":"<p class=\"qtranxs-available-languages-message qtranxs-available-languages-message-en\">Sorry, this entry is only available in <a href=\"https:\/\/latraversiere.fr\/fr\/wp-json\/wp\/v2\/posts\/5918\" class=\"qtranxs-available-language-link qtranxs-available-language-link-fr\" title=\"Fran\u00e7ais\">French<\/a>. For the sake of viewer convenience, the content is shown below in the alternative language. You may click the link to switch the active language.<\/p><p><strong>Dans ce nouvel \u00e9pisode du \u00ab Feuilleton du fifre \u00bb, Sylvain Roux s\u2019entretient avec Roch Vandromme. Ensemble, ils reviennent sur l\u2019histoire du fifre \u00e0 Dunkerque.<\/strong><\/p>\n<p><span style=\"color: #32a3c3;\"><strong>1\/ Pouvez-vous nous donner les raisons qui ont motiv\u00e9 votre apprentissage du fifre ? En quelle ann\u00e9e avez-vous commenc\u00e9 \u00e0 jouer ? <\/strong><\/span><br \/>\nAu d\u00e9but des ann\u00e9es 1970, on a voulu cr\u00e9er avec des amis une petite fanfare (Les Kakestecks) pour s\u2019amuser un peu en marge du carnaval. Et comme le fifre est l\u2019instrument incontournable de cette f\u00eate, on s\u2019y est presque tous mis : chacun jouait d\u2019un cuivre et du fifre.<\/p>\n<p><span style=\"color: #32a3c3;\"><strong>2\/ Vous \u00eates un passionn\u00e9 du Carnaval de Dunkerque, quelle est l\u2019histoire de cette f\u00eate qui mobilise des milliers de personnes et quelle place y tiennent les fifres et les tambours ?<\/strong><\/span><br \/>\n<figure id=\"attachment_6184\" aria-describedby=\"caption-attachment-6184\" style=\"width: 300px\" class=\"wp-caption alignright\"><a class=\"image-lightbox\" href=\"https:\/\/latraversiere.fr\/wp-content\/uploads\/2019\/01\/Dessin-de-Jean-Dumont-1868.jpg\"><img loading=\"lazy\" src=\"https:\/\/latraversiere.fr\/wp-content\/uploads\/2019\/01\/Dessin-de-Jean-Dumont-1868-300x225.jpg\" alt=\"\" width=\"300\" height=\"225\" class=\"size-medium wp-image-6184\" srcset=\"https:\/\/latraversiere.fr\/wp-content\/uploads\/2019\/01\/Dessin-de-Jean-Dumont-1868-300x225.jpg 300w, https:\/\/latraversiere.fr\/wp-content\/uploads\/2019\/01\/Dessin-de-Jean-Dumont-1868-768x576.jpg 768w, https:\/\/latraversiere.fr\/wp-content\/uploads\/2019\/01\/Dessin-de-Jean-Dumont-1868.jpg 1024w, https:\/\/latraversiere.fr\/wp-content\/uploads\/2019\/01\/Dessin-de-Jean-Dumont-1868-180x135.jpg 180w, https:\/\/latraversiere.fr\/wp-content\/uploads\/2019\/01\/Dessin-de-Jean-Dumont-1868-600x450.jpg 600w\" sizes=\"(max-width: 300px) 100vw, 300px\" \/><\/a><figcaption id=\"caption-attachment-6184\" class=\"wp-caption-text\">Dessin de Jean Dumont, 1868<\/figcaption><\/figure><\/p>\n<p>Contrairement \u00e0 beaucoup d\u2019endroits o\u00f9 un carnaval existait, ici \u00e0 Dunkerque il a r\u00e9sist\u00e9 au temps et aux al\u00e9as de l\u2019Histoire. La joie de vivre des flamands n\u2019y est peut-\u00eatre pas \u00e9trang\u00e8re et l\u2019occasion de s\u2019amuser un peu n\u2019\u00e9tait pas \u00e0 d\u00e9daigner pour une population tr\u00e8s majoritairement de condition modeste.<br \/>\nA Dunkerque, la croyance g\u00e9n\u00e9rale est que notre carnaval serait l\u2019ancienne \u00ab Foye \u00bb, f\u00eate que les p\u00eacheurs \u00e0 Islande faisaient peu avant leur d\u00e9part, alors qu\u2019ils venaient de toucher une partie de leurs gages (foye signifie pourboire en flamand). Ce d\u00e9part ayant lieu en Mars a peut-\u00eatre co\u00efncid\u00e9 avec un carnaval tardif. Mais l\u2019int\u00e9r\u00eat pour les f\u00eates populaires et leur descriptions \u00e9crites n\u2019apparaissant qu\u2019au 19\u00e8me si\u00e8cle,  nous en sommes r\u00e9duits \u00e0 faire des hypoth\u00e8ses.<\/p>\n<p>Nous apprenons donc qu\u2019\u00e0 cette \u00e9poque (d\u00e9but du 19\u00e8me si\u00e8cle), le carnaval \u00e9tait constitu\u00e9 de trois bandes d\u00e9guis\u00e9es avec musique, qui circulaient en ville. L\u2019une d\u2019elles, la bande des p\u00eacheurs (vischersbende en flamand), la plus gaie, la plus remuante, aux d\u00e9guisements libres et beaucoup moins on\u00e9reux, a pris le pas sur les deux autres \u00e0 une p\u00e9riode de baisse d\u2019affluence (un peu avant 1850?). Cette bande des p\u00eacheurs est donc probablement un m\u00e9lange de plusieurs choses : quelques souvenirs des mascarades de Dunkerque, fameuses au 18\u00e8me si\u00e8cle (on y venait de loin), m\u00e9lange des diverses bandes, et peut-\u00eatre aussi la \u00ab Foye \u00bb.<br \/>\nElle se d\u00e9pla\u00e7ait uniquement au son des fifres et des tambours, et ce jusqu\u2019en 1929, date \u00e0 laquelle des cuivres se sont ajout\u00e9s.<br \/>\n<figure id=\"attachment_6181\" aria-describedby=\"caption-attachment-6181\" style=\"width: 300px\" class=\"wp-caption alignleft\"><a class=\"image-lightbox\" href=\"https:\/\/latraversiere.fr\/wp-content\/uploads\/2019\/01\/Avant-bande-de-Dunkerque.jpg\"><img loading=\"lazy\" src=\"https:\/\/latraversiere.fr\/wp-content\/uploads\/2019\/01\/Avant-bande-de-Dunkerque-300x199.jpg\" alt=\"\" width=\"300\" height=\"199\" class=\"size-medium wp-image-6181\" srcset=\"https:\/\/latraversiere.fr\/wp-content\/uploads\/2019\/01\/Avant-bande-de-Dunkerque-300x199.jpg 300w, https:\/\/latraversiere.fr\/wp-content\/uploads\/2019\/01\/Avant-bande-de-Dunkerque-768x509.jpg 768w, https:\/\/latraversiere.fr\/wp-content\/uploads\/2019\/01\/Avant-bande-de-Dunkerque.jpg 1024w, https:\/\/latraversiere.fr\/wp-content\/uploads\/2019\/01\/Avant-bande-de-Dunkerque-180x119.jpg 180w, https:\/\/latraversiere.fr\/wp-content\/uploads\/2019\/01\/Avant-bande-de-Dunkerque-600x397.jpg 600w\" sizes=\"(max-width: 300px) 100vw, 300px\" \/><\/a><figcaption id=\"caption-attachment-6181\" class=\"wp-caption-text\">Bande de Dunkerque<\/figcaption><\/figure><\/p>\n<p>La marche restant aux fifres et tambours, les cuivres jouent les \u00ab Tiens bon d\u2019sus \u00bb, sortes de gros chahuts sur place.<\/p>\n<p>Les fifres et tambours ne jouent qu\u2019un \u00ab chahut \u00bb qu\u2019ils jouaient d\u00e9j\u00e0 tout au long du 19\u00e8me si\u00e8cle, c\u2019est le rigaudon (un rigaudon napol\u00e9onien).<br \/>\nLa pratique du fifre comme instrument populaire vient s\u00fbrement de la pr\u00e9sence de fifres militaires \u00e0 Dunkerque. D\u00e9j\u00e0 sous Charles Quint l\u2019existence de sonneurs de fifre est av\u00e9r\u00e9e (1520) et n\u2019a jamais \u00e9t\u00e9 interrompue depuis. Le glissement vers la sph\u00e8re populaire est tr\u00e8s ancien, d\u2019abord par les guildes, puis par la sortie de Reuze (le g\u00e9ant de Dunkerque), tr\u00e8s ancienne \u00e9galement.<br \/>\nDisons que le son du fifre fait partie de l\u2019ambiance sonore \u00e0 Dunkerque de tr\u00e8s longue date&#8230;<br \/>\n<figure id=\"attachment_6182\" aria-describedby=\"caption-attachment-6182\" style=\"width: 1024px\" class=\"wp-caption aligncenter\"><img loading=\"lazy\" src=\"https:\/\/latraversiere.fr\/wp-content\/uploads\/2019\/01\/Bande-de-Dunkerque.jpg\" alt=\"\" width=\"1024\" height=\"678\" class=\"size-full wp-image-6182\" srcset=\"https:\/\/latraversiere.fr\/wp-content\/uploads\/2019\/01\/Bande-de-Dunkerque.jpg 1024w, https:\/\/latraversiere.fr\/wp-content\/uploads\/2019\/01\/Bande-de-Dunkerque-300x199.jpg 300w, https:\/\/latraversiere.fr\/wp-content\/uploads\/2019\/01\/Bande-de-Dunkerque-768x509.jpg 768w, https:\/\/latraversiere.fr\/wp-content\/uploads\/2019\/01\/Bande-de-Dunkerque-180x119.jpg 180w, https:\/\/latraversiere.fr\/wp-content\/uploads\/2019\/01\/Bande-de-Dunkerque-600x397.jpg 600w\" sizes=\"(max-width: 1024px) 100vw, 1024px\" \/><figcaption id=\"caption-attachment-6182\" class=\"wp-caption-text\">Bande de Dunkerque<\/figcaption><\/figure><\/p>\n<p><span style=\"color: #32a3c3;\"><strong>3\/ Quel type de fifre \u00e9tait et est utilis\u00e9 aujourd\u2019hui et comment le r\u00e9pertoire a-t-il \u00e9volu\u00e9 ?<\/span><\/strong><br \/>\nLe fifre en Ut est l\u2019instrument type. Nous le savons par les rares partitions du milieu du 19\u00e8me si\u00e8cle dont nous disposons.<br \/>\n<figure id=\"attachment_6185\" aria-describedby=\"caption-attachment-6185\" style=\"width: 300px\" class=\"wp-caption alignleft\"><a class=\"image-lightbox\" href=\"https:\/\/latraversiere.fr\/wp-content\/uploads\/2019\/01\/Roch-Avant-bande-de-Malo.jpg\"><img loading=\"lazy\" src=\"https:\/\/latraversiere.fr\/wp-content\/uploads\/2019\/01\/Roch-Avant-bande-de-Malo-300x225.jpg\" alt=\"\" width=\"300\" height=\"225\" class=\"size-medium wp-image-6185\" srcset=\"https:\/\/latraversiere.fr\/wp-content\/uploads\/2019\/01\/Roch-Avant-bande-de-Malo-300x225.jpg 300w, https:\/\/latraversiere.fr\/wp-content\/uploads\/2019\/01\/Roch-Avant-bande-de-Malo-768x576.jpg 768w, https:\/\/latraversiere.fr\/wp-content\/uploads\/2019\/01\/Roch-Avant-bande-de-Malo.jpg 1024w, https:\/\/latraversiere.fr\/wp-content\/uploads\/2019\/01\/Roch-Avant-bande-de-Malo-180x135.jpg 180w, https:\/\/latraversiere.fr\/wp-content\/uploads\/2019\/01\/Roch-Avant-bande-de-Malo-600x450.jpg 600w\" sizes=\"(max-width: 300px) 100vw, 300px\" \/><\/a><figcaption id=\"caption-attachment-6185\" class=\"wp-caption-text\">Bande de Malo<\/figcaption><\/figure><\/p>\n<p>Au cours de la premi\u00e8re moiti\u00e9 du 20\u00e8me si\u00e8cle, un stock de fifres militaires r\u00e9cup\u00e9r\u00e9 par la ville vint modifier pendant quelque temps cette donne avec des fifres en R\u00e9 b\u00e9mol.<\/p>\n<p>Mais depuis une quarantaine d\u2019ann\u00e9es gr\u00e2ce notamment au fifre Yamaha (celui qui, quand il tombe ne casse pas !) nous sommes retomb\u00e9s sur nos pattes, celle de la tradition. Outre les fifres Yamaha existent des instruments de bonne facture en buis, en \u00e9b\u00e8ne, voire en m\u00e9tal.<br \/>\nQuant au r\u00e9pertoire, il s\u2019est consid\u00e9rablement accru depuis les ann\u00e9es 70 : juste apr\u00e8s la deuxi\u00e8me guerre mondiale, seuls \u00e9taient jou\u00e9s sept morceaux parmi les plus anciens, le socle de notre r\u00e9pertoire.<br \/>\n<figure id=\"attachment_6183\" aria-describedby=\"caption-attachment-6183\" style=\"width: 300px\" class=\"wp-caption alignright\"><a class=\"image-lightbox\" href=\"https:\/\/latraversiere.fr\/wp-content\/uploads\/2019\/01\/Bande-de-Malo.jpg\"><img loading=\"lazy\" src=\"https:\/\/latraversiere.fr\/wp-content\/uploads\/2019\/01\/Bande-de-Malo-300x199.jpg\" alt=\"\" width=\"300\" height=\"199\" class=\"size-medium wp-image-6183\" srcset=\"https:\/\/latraversiere.fr\/wp-content\/uploads\/2019\/01\/Bande-de-Malo-300x199.jpg 300w, https:\/\/latraversiere.fr\/wp-content\/uploads\/2019\/01\/Bande-de-Malo-768x509.jpg 768w, https:\/\/latraversiere.fr\/wp-content\/uploads\/2019\/01\/Bande-de-Malo.jpg 1024w, https:\/\/latraversiere.fr\/wp-content\/uploads\/2019\/01\/Bande-de-Malo-180x119.jpg 180w, https:\/\/latraversiere.fr\/wp-content\/uploads\/2019\/01\/Bande-de-Malo-600x397.jpg 600w\" sizes=\"(max-width: 300px) 100vw, 300px\" \/><\/a><figcaption id=\"caption-attachment-6183\" class=\"wp-caption-text\">Bande de Malo<\/figcaption><\/figure><\/p>\n<p>Depuis, les fifres ont r\u00e9cup\u00e9r\u00e9 tout le r\u00e9pertoire ancien qui avait \u00ab migr\u00e9 \u00bb vers la fanfare. S\u2019y sont ajout\u00e9s quelques airs venus d\u2019ailleurs et surtout quelques cr\u00e9ations r\u00e9centes. Le tout faisant une bonne vingtaine de morceaux, assez courts en g\u00e9n\u00e9ral, le plus ancien \u00e9tant l\u2019Air du Reuze (g\u00e9ant en flamand) qui date du 17\u00e8me si\u00e8cle.<br \/>\nL\u2019encha\u00eenement des morceaux se fait par des signes cod\u00e9s ex\u00e9cut\u00e9s par un chef fifre.<\/p>\n<p>Les fifres commencent et finissent leurs interventions (la marche) toujours par le m\u00eame air \u00ab Roule ta bosse \u00bb autrement nomm\u00e9 \u00ab Bon voyage, Monsieur Dumollet (Desaugiers 1742-1793).<\/p>\n<p><span style=\"color: #32a3c3;\"><strong>4\/ Comment voyez-vous l\u2019\u00e9volution du Carnaval de Dunkerque, son avenir est-il assur\u00e9 ?<\/span><\/strong><br \/>\nC\u2019est aux Dunkerquois \u00e0 veiller \u00e0 ce que ce patrimoine commun continue son \u00e9volution.<br \/>\nEn ce qui concerne la partie musicale, elle est plus riche que jamais, surtout gr\u00e2ce aux chansons sans cesse cr\u00e9\u00e9es et reprises \u00e9ventuellement par la fanfare, ou peut-\u00eatre m\u00eame par les fifres.<\/p>\n<p><span style=\"color: #32a3c3;\"><strong>5\/ Existe-t-il d\u2019autres occasions de jeu, \u00e0 Dunkerque et ses environs, pour les joueurs de fifre ?<\/span><\/strong><br \/>\nNon, pas vraiment, mais le carnaval s\u2019\u00e9tale d\u00e9j\u00e0 sur deux mois. Il y a de nombreux bals, et chaque quartier de Dunkerque, chaque ville et village environnant a sa bande.<br \/>\nLe 10 Novembre, il y a la Saint Martin, o\u00f9 quelques fifres peuvent jouer.<br \/>\nEt puis, il y a 30 ans, une danse d\u2019\u00e9p\u00e9es s\u2019est recr\u00e9\u00e9e avec bien s\u00fbr fifres et tambours.<\/p>\n<p><span style=\"color: #32a3c3;\"><strong>6\/ Vous \u00eates sculpteur, quelle est votre d\u00e9marche et faites-vous un lien entre cette pratique artistique et celle de joueur de fifre ?<\/span><\/strong><br \/>\nC\u2019est le m\u00eame bonhomme qui fait les deux. Donc il y a s\u00fbrement plein de liens. Mais de l\u00e0 \u00e0 imaginer que c\u2019est en jouant du fifre que j\u2019am\u00e8ne les b\u00eates (mes mod\u00e8les) \u00e0 poser, c\u2019est une autre histoire !<\/p>\n<div class=\"row\" style=\"background: #F2F2F2; padding: 20px; text-align: center !important;\">\n<h4 style=\"text-transform: none; font-weight: 100; text-align: center !important; margin-top: 0px;\">Roch Vandromme<\/h4>\n<div class=\"col-xs-3\">\n<a class=\"image-lightbox\" href=\"https:\/\/latraversiere.fr\/wp-content\/uploads\/2019\/01\/Roch-Vandromme.png\"><img loading=\"lazy\" src=\"https:\/\/latraversiere.fr\/wp-content\/uploads\/2019\/01\/Roch-Vandromme.png\" alt=\"\" width=\"295\" height=\"295\" class=\"alignright size-full wp-image-6193\" srcset=\"https:\/\/latraversiere.fr\/wp-content\/uploads\/2019\/01\/Roch-Vandromme.png 295w, https:\/\/latraversiere.fr\/wp-content\/uploads\/2019\/01\/Roch-Vandromme-150x150.png 150w, https:\/\/latraversiere.fr\/wp-content\/uploads\/2019\/01\/Roch-Vandromme-180x180.png 180w\" sizes=\"(max-width: 295px) 100vw, 295px\" \/><\/a>\n<\/div>\n<div class=\"col-xs-9\" style=\"text-align: justify; font-size: 12px; line-height:15px\">\nN\u00e9 le 29 juillet 1953 \u00e0 Rosenda\u00ebl, dans le Nord, <strong>Roch Vandromme<\/strong>, en dehors de jouer du fifre, \u00e9tudie l\u2019architecture \u00e0 l\u2019\u00c9cole Nationale des Beaux-Arts de Paris, puis fr\u00e9quente l\u2019atelier du sculpteur Charles Gadenne. Depuis, il se consacre \u00e0 la sculpture animali\u00e8re et \u00e0 la gravure. Il vit \u00e0 Dunkerque.<br \/>\n<a href=\"http:\/\/roch-vandromme.com\" rel=\"noopener noreferrer\" target=\"_blank\">http:\/\/roch-vandromme.com<\/a>\n<\/div>\n<\/div>\n<p><\/p>","protected":false},"excerpt":{"rendered":"<p class=\"qtranxs-available-languages-message qtranxs-available-languages-message-en\">Sorry, this entry is only available in <a href=\"https:\/\/latraversiere.fr\/fr\/wp-json\/wp\/v2\/posts\/5918\" class=\"qtranxs-available-language-link qtranxs-available-language-link-fr\" title=\"Fran\u00e7ais\">French<\/a>. For the sake of viewer convenience, the content is shown below in the alternative language. You may click the link to switch the active language.<\/p>\n<p>Dans ce nouvel \u00e9pisode du \u00ab Feuilleton du fifre \u00bb, Sylvain Roux s\u2019entretient avec Roch Vandromme. Ensemble, ils reviennent sur l\u2019histoire du fifre \u00e0 Dunkerque.<\/p>\n","protected":false},"author":1,"featured_media":6197,"comment_status":"closed","ping_status":"open","sticky":false,"template":"","format":"standard","meta":[],"categories":[77],"tags":[],"yoast_head":"<!-- This site is optimized with the Yoast SEO plugin v17.5 - https:\/\/yoast.com\/wordpress\/plugins\/seo\/ -->\n<title><\/title>\n<meta name=\"robots\" content=\"index, follow, max-snippet:-1, max-image-preview:large, max-video-preview:-1\" \/>\n<link rel=\"canonical\" href=\"https:\/\/latraversiere.fr\/webzine\/entretien\/le-feuilleton-du-fifre-entretien-avec-roch-vandromme\/\" \/>\n<meta property=\"og:locale\" content=\"en_US\" \/>\n<meta property=\"og:type\" content=\"article\" \/>\n<meta property=\"og:title\" content=\"[:fr]Le feuilleton du fifre \u2013 Entretien avec Roch Vandromme[:] - LA TRAVERSIERE The french flute association\" \/>\n<meta property=\"og:description\" content=\"[:fr]Dans ce nouvel \u00e9pisode du \u00ab Feuilleton du fifre \u00bb, Sylvain Roux s\u2019entretient avec Roch Vandromme. Ensemble, ils reviennent sur l\u2019histoire du fifre \u00e0 Dunkerque.[:]\" \/>\n<meta property=\"og:url\" content=\"https:\/\/latraversiere.fr\/webzine\/entretien\/le-feuilleton-du-fifre-entretien-avec-roch-vandromme\/\" \/>\n<meta property=\"og:site_name\" content=\"LA TRAVERSIERE The french flute association\" \/>\n<meta property=\"article:publisher\" content=\"https:\/\/www.facebook.com\/traversieres\/\" \/>\n<meta property=\"article:published_time\" content=\"2019-01-27T09:34:13+00:00\" \/>\n<meta property=\"article:modified_time\" content=\"2025-12-08T17:38:00+00:00\" \/>\n<meta property=\"og:image\" content=\"https:\/\/latraversiere.fr\/wp-content\/uploads\/2019\/01\/Fifre-Entretien-RochVandromme.jpg\" \/>\n\t<meta property=\"og:image:width\" content=\"600\" \/>\n\t<meta property=\"og:image:height\" content=\"513\" \/>\n<meta name=\"twitter:card\" content=\"summary\" \/>\n<meta name=\"twitter:creator\" content=\"@La_Traversiere\" \/>\n<meta name=\"twitter:site\" content=\"@La_Traversiere\" \/>\n<meta name=\"twitter:label1\" content=\"Written by\" \/>\n\t<meta name=\"twitter:data1\" content=\"Thomas MALLET\" \/>\n\t<meta name=\"twitter:label2\" content=\"Est. reading time\" \/>\n\t<meta name=\"twitter:data2\" content=\"6 minutes\" \/>\n<script type=\"application\/ld+json\" class=\"yoast-schema-graph\">{\"@context\":\"https:\/\/schema.org\",\"@graph\":[{\"@type\":\"Organization\",\"@id\":\"https:\/\/latraversiere.fr\/#organization\",\"name\":\"La Traversi\\u00e8re - Association Fran\\u00e7aise de la Fl\\u00fbte\",\"url\":\"https:\/\/latraversiere.fr\/\",\"sameAs\":[\"https:\/\/www.facebook.com\/traversieres\/\",\"https:\/\/www.instagram.com\/la_traversiere\/\",\"https:\/\/www.youtube.com\/channel\/UC46MEQZI2BfRZNFUFqc59Sw\",\"https:\/\/twitter.com\/La_Traversiere\"],\"logo\":{\"@type\":\"ImageObject\",\"@id\":\"https:\/\/latraversiere.fr\/#logo\",\"inLanguage\":\"en-US\",\"url\":\"https:\/\/latraversiere.fr\/wp-content\/uploads\/2018\/01\/LOGO-Traversiere-SITE-1.png\",\"contentUrl\":\"https:\/\/latraversiere.fr\/wp-content\/uploads\/2018\/01\/LOGO-Traversiere-SITE-1.png\",\"width\":539,\"height\":200,\"caption\":\"La Traversi\\u00e8re - Association Fran\\u00e7aise de la Fl\\u00fbte\"},\"image\":{\"@id\":\"https:\/\/latraversiere.fr\/#logo\"}},{\"@type\":\"WebSite\",\"@id\":\"https:\/\/latraversiere.fr\/#website\",\"url\":\"https:\/\/latraversiere.fr\/\",\"name\":\"LA TRAVERSIERE The french flute association\",\"description\":\"\",\"publisher\":{\"@id\":\"https:\/\/latraversiere.fr\/#organization\"},\"potentialAction\":[{\"@type\":\"SearchAction\",\"target\":{\"@type\":\"EntryPoint\",\"urlTemplate\":\"https:\/\/latraversiere.fr\/?s={search_term_string}\"},\"query-input\":\"required name=search_term_string\"}],\"inLanguage\":\"en-US\"},{\"@type\":\"ImageObject\",\"@id\":\"https:\/\/latraversiere.fr\/webzine\/entretien\/le-feuilleton-du-fifre-entretien-avec-roch-vandromme\/#primaryimage\",\"inLanguage\":\"en-US\",\"url\":\"https:\/\/latraversiere.fr\/wp-content\/uploads\/2019\/01\/Fifre-Entretien-RochVandromme.jpg\",\"contentUrl\":\"https:\/\/latraversiere.fr\/wp-content\/uploads\/2019\/01\/Fifre-Entretien-RochVandromme.jpg\",\"width\":600,\"height\":513},{\"@type\":\"WebPage\",\"@id\":\"https:\/\/latraversiere.fr\/webzine\/entretien\/le-feuilleton-du-fifre-entretien-avec-roch-vandromme\/#webpage\",\"url\":\"https:\/\/latraversiere.fr\/webzine\/entretien\/le-feuilleton-du-fifre-entretien-avec-roch-vandromme\/\",\"name\":\"[:fr]Le feuilleton du fifre \\u2013 Entretien avec Roch Vandromme[:] - LA TRAVERSIERE The french flute association\",\"isPartOf\":{\"@id\":\"https:\/\/latraversiere.fr\/#website\"},\"primaryImageOfPage\":{\"@id\":\"https:\/\/latraversiere.fr\/webzine\/entretien\/le-feuilleton-du-fifre-entretien-avec-roch-vandromme\/#primaryimage\"},\"datePublished\":\"2019-01-27T09:34:13+00:00\",\"dateModified\":\"2025-12-08T17:38:00+00:00\",\"breadcrumb\":{\"@id\":\"https:\/\/latraversiere.fr\/webzine\/entretien\/le-feuilleton-du-fifre-entretien-avec-roch-vandromme\/#breadcrumb\"},\"inLanguage\":\"en-US\",\"potentialAction\":[{\"@type\":\"ReadAction\",\"target\":[\"https:\/\/latraversiere.fr\/webzine\/entretien\/le-feuilleton-du-fifre-entretien-avec-roch-vandromme\/\"]}]},{\"@type\":\"BreadcrumbList\",\"@id\":\"https:\/\/latraversiere.fr\/webzine\/entretien\/le-feuilleton-du-fifre-entretien-avec-roch-vandromme\/#breadcrumb\",\"itemListElement\":[{\"@type\":\"ListItem\",\"position\":1,\"name\":\"Accueil\",\"item\":\"https:\/\/latraversiere.fr\/\"},{\"@type\":\"ListItem\",\"position\":2,\"name\":\"Le feuilleton du fifre \\u2013 Entretien avec Roch Vandromme\"}]},{\"@type\":\"Article\",\"@id\":\"https:\/\/latraversiere.fr\/webzine\/entretien\/le-feuilleton-du-fifre-entretien-avec-roch-vandromme\/#article\",\"isPartOf\":{\"@id\":\"https:\/\/latraversiere.fr\/webzine\/entretien\/le-feuilleton-du-fifre-entretien-avec-roch-vandromme\/#webpage\"},\"author\":{\"@id\":\"https:\/\/latraversiere.fr\/#\/schema\/person\/49ed1d29827f483eda3a44dec9c62b39\"},\"headline\":\"Le feuilleton du fifre \\u2013 Entretien avec Roch Vandromme\",\"datePublished\":\"2019-01-27T09:34:13+00:00\",\"dateModified\":\"2025-12-08T17:38:00+00:00\",\"mainEntityOfPage\":{\"@id\":\"https:\/\/latraversiere.fr\/webzine\/entretien\/le-feuilleton-du-fifre-entretien-avec-roch-vandromme\/#webpage\"},\"wordCount\":1161,\"publisher\":{\"@id\":\"https:\/\/latraversiere.fr\/#organization\"},\"image\":{\"@id\":\"https:\/\/latraversiere.fr\/webzine\/entretien\/le-feuilleton-du-fifre-entretien-avec-roch-vandromme\/#primaryimage\"},\"thumbnailUrl\":\"https:\/\/latraversiere.fr\/wp-content\/uploads\/2019\/01\/Fifre-Entretien-RochVandromme.jpg\",\"articleSection\":[\"Entretiens\"],\"inLanguage\":\"en-US\"},{\"@type\":\"Person\",\"@id\":\"https:\/\/latraversiere.fr\/#\/schema\/person\/49ed1d29827f483eda3a44dec9c62b39\",\"name\":\"Thomas MALLET\",\"image\":{\"@type\":\"ImageObject\",\"@id\":\"https:\/\/latraversiere.fr\/#personlogo\",\"inLanguage\":\"en-US\",\"url\":\"https:\/\/secure.gravatar.com\/avatar\/74ac6f0286bcefc0974d6d00c3f96d33?s=96&d=mm&r=g\",\"contentUrl\":\"https:\/\/secure.gravatar.com\/avatar\/74ac6f0286bcefc0974d6d00c3f96d33?s=96&d=mm&r=g\",\"caption\":\"Thomas MALLET\"}}]}<\/script>\n<!-- \/ Yoast SEO plugin. -->","yoast_head_json":{"title":"[:fr]Le feuilleton du fifre \u2013 Entretien avec Roch Vandromme[:] - LA TRAVERSIERE The french flute association","robots":{"index":"index","follow":"follow","max-snippet":"max-snippet:-1","max-image-preview":"max-image-preview:large","max-video-preview":"max-video-preview:-1"},"canonical":"https:\/\/latraversiere.fr\/webzine\/entretien\/le-feuilleton-du-fifre-entretien-avec-roch-vandromme\/","og_locale":"en_US","og_type":"article","og_title":"[:fr]Le feuilleton du fifre \u2013 Entretien avec Roch Vandromme[:] - LA TRAVERSIERE The french flute association","og_description":"[:fr]Dans ce nouvel \u00e9pisode du \u00ab Feuilleton du fifre \u00bb, Sylvain Roux s\u2019entretient avec Roch Vandromme. Ensemble, ils reviennent sur l\u2019histoire du fifre \u00e0 Dunkerque.[:]","og_url":"https:\/\/latraversiere.fr\/webzine\/entretien\/le-feuilleton-du-fifre-entretien-avec-roch-vandromme\/","og_site_name":"LA TRAVERSIERE The french flute association","article_publisher":"https:\/\/www.facebook.com\/traversieres\/","article_published_time":"2019-01-27T09:34:13+00:00","article_modified_time":"2025-12-08T17:38:00+00:00","og_image":[{"width":600,"height":513,"url":"https:\/\/latraversiere.fr\/wp-content\/uploads\/2019\/01\/Fifre-Entretien-RochVandromme.jpg","type":"image\/jpeg"}],"twitter_card":"summary","twitter_creator":"@La_Traversiere","twitter_site":"@La_Traversiere","twitter_misc":{"Written by":"Thomas MALLET","Est. reading time":"6 minutes"},"schema":{"@context":"https:\/\/schema.org","@graph":[{"@type":"Organization","@id":"https:\/\/latraversiere.fr\/#organization","name":"La Traversi\u00e8re - Association Fran\u00e7aise de la Fl\u00fbte","url":"https:\/\/latraversiere.fr\/","sameAs":["https:\/\/www.facebook.com\/traversieres\/","https:\/\/www.instagram.com\/la_traversiere\/","https:\/\/www.youtube.com\/channel\/UC46MEQZI2BfRZNFUFqc59Sw","https:\/\/twitter.com\/La_Traversiere"],"logo":{"@type":"ImageObject","@id":"https:\/\/latraversiere.fr\/#logo","inLanguage":"en-US","url":"https:\/\/latraversiere.fr\/wp-content\/uploads\/2018\/01\/LOGO-Traversiere-SITE-1.png","contentUrl":"https:\/\/latraversiere.fr\/wp-content\/uploads\/2018\/01\/LOGO-Traversiere-SITE-1.png","width":539,"height":200,"caption":"La Traversi\u00e8re - Association Fran\u00e7aise de la Fl\u00fbte"},"image":{"@id":"https:\/\/latraversiere.fr\/#logo"}},{"@type":"WebSite","@id":"https:\/\/latraversiere.fr\/#website","url":"https:\/\/latraversiere.fr\/","name":"LA TRAVERSIERE The french flute association","description":"","publisher":{"@id":"https:\/\/latraversiere.fr\/#organization"},"potentialAction":[{"@type":"SearchAction","target":{"@type":"EntryPoint","urlTemplate":"https:\/\/latraversiere.fr\/?s={search_term_string}"},"query-input":"required name=search_term_string"}],"inLanguage":"en-US"},{"@type":"ImageObject","@id":"https:\/\/latraversiere.fr\/webzine\/entretien\/le-feuilleton-du-fifre-entretien-avec-roch-vandromme\/#primaryimage","inLanguage":"en-US","url":"https:\/\/latraversiere.fr\/wp-content\/uploads\/2019\/01\/Fifre-Entretien-RochVandromme.jpg","contentUrl":"https:\/\/latraversiere.fr\/wp-content\/uploads\/2019\/01\/Fifre-Entretien-RochVandromme.jpg","width":600,"height":513},{"@type":"WebPage","@id":"https:\/\/latraversiere.fr\/webzine\/entretien\/le-feuilleton-du-fifre-entretien-avec-roch-vandromme\/#webpage","url":"https:\/\/latraversiere.fr\/webzine\/entretien\/le-feuilleton-du-fifre-entretien-avec-roch-vandromme\/","name":"[:fr]Le feuilleton du fifre \u2013 Entretien avec Roch Vandromme[:] - LA TRAVERSIERE The french flute association","isPartOf":{"@id":"https:\/\/latraversiere.fr\/#website"},"primaryImageOfPage":{"@id":"https:\/\/latraversiere.fr\/webzine\/entretien\/le-feuilleton-du-fifre-entretien-avec-roch-vandromme\/#primaryimage"},"datePublished":"2019-01-27T09:34:13+00:00","dateModified":"2025-12-08T17:38:00+00:00","breadcrumb":{"@id":"https:\/\/latraversiere.fr\/webzine\/entretien\/le-feuilleton-du-fifre-entretien-avec-roch-vandromme\/#breadcrumb"},"inLanguage":"en-US","potentialAction":[{"@type":"ReadAction","target":["https:\/\/latraversiere.fr\/webzine\/entretien\/le-feuilleton-du-fifre-entretien-avec-roch-vandromme\/"]}]},{"@type":"BreadcrumbList","@id":"https:\/\/latraversiere.fr\/webzine\/entretien\/le-feuilleton-du-fifre-entretien-avec-roch-vandromme\/#breadcrumb","itemListElement":[{"@type":"ListItem","position":1,"name":"Accueil","item":"https:\/\/latraversiere.fr\/"},{"@type":"ListItem","position":2,"name":"Le feuilleton du fifre \u2013 Entretien avec Roch Vandromme"}]},{"@type":"Article","@id":"https:\/\/latraversiere.fr\/webzine\/entretien\/le-feuilleton-du-fifre-entretien-avec-roch-vandromme\/#article","isPartOf":{"@id":"https:\/\/latraversiere.fr\/webzine\/entretien\/le-feuilleton-du-fifre-entretien-avec-roch-vandromme\/#webpage"},"author":{"@id":"https:\/\/latraversiere.fr\/#\/schema\/person\/49ed1d29827f483eda3a44dec9c62b39"},"headline":"Le feuilleton du fifre \u2013 Entretien avec Roch Vandromme","datePublished":"2019-01-27T09:34:13+00:00","dateModified":"2025-12-08T17:38:00+00:00","mainEntityOfPage":{"@id":"https:\/\/latraversiere.fr\/webzine\/entretien\/le-feuilleton-du-fifre-entretien-avec-roch-vandromme\/#webpage"},"wordCount":1161,"publisher":{"@id":"https:\/\/latraversiere.fr\/#organization"},"image":{"@id":"https:\/\/latraversiere.fr\/webzine\/entretien\/le-feuilleton-du-fifre-entretien-avec-roch-vandromme\/#primaryimage"},"thumbnailUrl":"https:\/\/latraversiere.fr\/wp-content\/uploads\/2019\/01\/Fifre-Entretien-RochVandromme.jpg","articleSection":["Entretiens"],"inLanguage":"en-US"},{"@type":"Person","@id":"https:\/\/latraversiere.fr\/#\/schema\/person\/49ed1d29827f483eda3a44dec9c62b39","name":"Thomas MALLET","image":{"@type":"ImageObject","@id":"https:\/\/latraversiere.fr\/#personlogo","inLanguage":"en-US","url":"https:\/\/secure.gravatar.com\/avatar\/74ac6f0286bcefc0974d6d00c3f96d33?s=96&d=mm&r=g","contentUrl":"https:\/\/secure.gravatar.com\/avatar\/74ac6f0286bcefc0974d6d00c3f96d33?s=96&d=mm&r=g","caption":"Thomas MALLET"}}]}},"_links":{"self":[{"href":"https:\/\/latraversiere.fr\/en\/wp-json\/wp\/v2\/posts\/5918"}],"collection":[{"href":"https:\/\/latraversiere.fr\/en\/wp-json\/wp\/v2\/posts"}],"about":[{"href":"https:\/\/latraversiere.fr\/en\/wp-json\/wp\/v2\/types\/post"}],"author":[{"embeddable":true,"href":"https:\/\/latraversiere.fr\/en\/wp-json\/wp\/v2\/users\/1"}],"replies":[{"embeddable":true,"href":"https:\/\/latraversiere.fr\/en\/wp-json\/wp\/v2\/comments?post=5918"}],"version-history":[{"count":14,"href":"https:\/\/latraversiere.fr\/en\/wp-json\/wp\/v2\/posts\/5918\/revisions"}],"predecessor-version":[{"id":33478,"href":"https:\/\/latraversiere.fr\/en\/wp-json\/wp\/v2\/posts\/5918\/revisions\/33478"}],"wp:featuredmedia":[{"embeddable":true,"href":"https:\/\/latraversiere.fr\/en\/wp-json\/wp\/v2\/media\/6197"}],"wp:attachment":[{"href":"https:\/\/latraversiere.fr\/en\/wp-json\/wp\/v2\/media?parent=5918"}],"wp:term":[{"taxonomy":"category","embeddable":true,"href":"https:\/\/latraversiere.fr\/en\/wp-json\/wp\/v2\/categories?post=5918"},{"taxonomy":"post_tag","embeddable":true,"href":"https:\/\/latraversiere.fr\/en\/wp-json\/wp\/v2\/tags?post=5918"}],"curies":[{"name":"wp","href":"https:\/\/api.w.org\/{rel}","templated":true}]}}