{"id":6360,"date":"2019-02-18T07:34:34","date_gmt":"2019-02-18T06:34:34","guid":{"rendered":"https:\/\/latraversiere.fr\/?p=6360"},"modified":"2021-07-14T12:00:45","modified_gmt":"2021-07-14T10:00:45","slug":"le-feuilleton-du-fifre-entretien-avec-xavier-vidal","status":"publish","type":"post","link":"https:\/\/latraversiere.fr\/en\/webzine\/entretien\/le-feuilleton-du-fifre-entretien-avec-xavier-vidal\/","title":{"rendered":"Le feuilleton du fifre &#8211; Entretien avec Xavier Vidal"},"content":{"rendered":"<p class=\"qtranxs-available-languages-message qtranxs-available-languages-message-en\">Sorry, this entry is only available in <a href=\"https:\/\/latraversiere.fr\/fr\/wp-json\/wp\/v2\/posts\/6360\" class=\"qtranxs-available-language-link qtranxs-available-language-link-fr\" title=\"Fran\u00e7ais\">French<\/a>. For the sake of viewer convenience, the content is shown below in the alternative language. You may click the link to switch the active language.<\/p><p><strong>Dans ce nouvel \u00e9pisode du \u00ab Feuilleton du fifre \u00bb, Sylvain Roux s\u2019entretient avec Xavier Vidal. Ensemble, ils reviennent sur l\u2019histoire du fifre dans le Lot.<\/strong><\/p>\n<p><span style=\"color: #32a3c3;\"><strong>1\/ Tu es un musicien multi-instrumentiste, quelle est la raison qui t\u2019a pouss\u00e9 \u00e0 apprendre \u00e0 jouer du fifre ? A quelle\u00a0\u00e9poque et dans quelles circonstances ? <\/strong><\/span><\/p>\n<p>Je suis venu au fifre en m\u00eame temps que d&#8217;autres instruments que j&#8217;ai commenc\u00e9 \u00e0 fabriquer en roseau. J&#8217;ai\u00a0commenc\u00e9 \u00e0 rencontrer des joueurs de fifre revivalistes comme Jean Pierre Lafitte et Franck Ferrero. Apr\u00e8s, ce qui\u00a0m&#8217;a pouss\u00e9 vers le fifre en bois (\u00e9b\u00e8ne ou buis) c&#8217;est que j&#8217;ai eu l&#8217;occasion d&#8217;aller \u00e0 Bazas pour les B\u0153ufs-gras , et\u00a0aussi \u00e0 P\u00e9zenas, ou dans d&#8217;autres villes du Bas-Languedoc. La v\u00e9ritable motivation est venue, d&#8217;une part, de la\u00a0d\u00e9couverte de pratiques de fifre dans les territoires o\u00f9 j&#8217;ai fait du collectage (Moissac, Bas- Quercy et Basse Vall\u00e9e\u00a0du Lot) et, d&#8217;autre part, ma rencontre avec le groupe La Rafale (Christian Vieussens et Sylvain Roux).<\/p>\n<figure id=\"attachment_6362\" aria-describedby=\"caption-attachment-6362\" style=\"width: 200px\" class=\"wp-caption alignleft\"><a class=\"image-lightbox\" href=\"https:\/\/latraversiere.fr\/wp-content\/uploads\/2019\/02\/Fifre-de-Marmiesse-Castelfranc-Lot-et-fifre-de-Alexis-Molinie-Moissac-T-G.jpg\"><img loading=\"lazy\" class=\"size-medium wp-image-6362\" src=\"https:\/\/latraversiere.fr\/wp-content\/uploads\/2019\/02\/Fifre-de-Marmiesse-Castelfranc-Lot-et-fifre-de-Alexis-Molinie-Moissac-T-G-200x300.jpg\" alt=\"Fifre de Marmiesse Castelfranc Lot et fifre de Alexis Molinie Moissac T G\" width=\"200\" height=\"300\" srcset=\"https:\/\/latraversiere.fr\/wp-content\/uploads\/2019\/02\/Fifre-de-Marmiesse-Castelfranc-Lot-et-fifre-de-Alexis-Molinie-Moissac-T-G-200x300.jpg 200w, https:\/\/latraversiere.fr\/wp-content\/uploads\/2019\/02\/Fifre-de-Marmiesse-Castelfranc-Lot-et-fifre-de-Alexis-Molinie-Moissac-T-G.jpg 683w, https:\/\/latraversiere.fr\/wp-content\/uploads\/2019\/02\/Fifre-de-Marmiesse-Castelfranc-Lot-et-fifre-de-Alexis-Molinie-Moissac-T-G-180x270.jpg 180w, https:\/\/latraversiere.fr\/wp-content\/uploads\/2019\/02\/Fifre-de-Marmiesse-Castelfranc-Lot-et-fifre-de-Alexis-Molinie-Moissac-T-G-300x450.jpg 300w, https:\/\/latraversiere.fr\/wp-content\/uploads\/2019\/02\/Fifre-de-Marmiesse-Castelfranc-Lot-et-fifre-de-Alexis-Molinie-Moissac-T-G-600x900.jpg 600w\" sizes=\"(max-width: 200px) 100vw, 200px\" \/><\/a><figcaption id=\"caption-attachment-6362\" class=\"wp-caption-text\">Fifre de Marmiesse Castelfranc Lot et fifre de Alexis Molinie Moissac T G<\/figcaption><\/figure>\n<p><span style=\"color: #32a3c3;\"><strong>2\/ Depuis de nombreuses ann\u00e9es, tu es un collecteur inv\u00e9t\u00e9r\u00e9 et passionn\u00e9, quelles sont les trouvailles (vieux\u00a0musiciens, instruments, traces dans les Archives&#8230;) que tu as faites dans le Lot \u00e0 propos du fifre ?\u00a0<\/strong><\/span><\/p>\n<p>Dans la publication Pifres, livre et cd, \u00e9dit\u00e9e en 2013, par l&#8217;association La Granja de Soulom\u00e8s, nous avons\u00a0rassembl\u00e9 les contributions musicales ou les textes de quelques-uns des meilleurs sp\u00e9cialistes des r\u00e9gions proches\u00a0du Lot , ayant travaill\u00e9 sur ces pratiques du fifre. Cette publication rassemble des \u00e9l\u00e9ments d&#8217;enqu\u00eates de terrain ou\u00a0d&#8217;archives. Par exemple: -Le 1i\u00e8r janvier 1700 \u00e0 <u>Figeac<\/u> : <em>\u00ab Imm\u00e9diatement apr\u00e8s (le serment)&#8230;Le cort\u00e8ge officiel\u00a0des consuls, pr\u00e9c\u00e9d\u00e9s de violons et fifres, et suivi de la foule des habitants, se rendent triomphalement \u00e0 l\u2019h\u00f4tel de\u00a0ville, pour s\u2019occuper des affaires d\u2019int\u00e9r\u00eat g\u00e9n\u00e9ral&#8230; Les publications, au nom et de la part des consuls, se faisaient\u00a0sur les places publiques, aux principaux carrefours&#8230;Par l\u2019organe du sergent-trompette, que l\u2019on a depuis\u00a0remplac\u00e9 par le tambour-afficheur \u00bb<\/em><br \/>\nJ&#8217;ai aussi photographi\u00e9 des fifres anciens que poss\u00e9daient des familles de descendants de fifraires (exemple la\u00a0famille Marmiesse \u00e0 Castelfranc).<\/p>\n<p><span style=\"color: #32a3c3;\"><strong>3\/\u00a0Tu as fait un travail approfondi sur les bateliers de Moissac, dans le Tarn et Garonne, qui jouaient du fifre, peux-tu nous raconter cette histoire originale ?\u00a0<\/strong><\/span><br \/>\n<figure id=\"attachment_6365\" aria-describedby=\"caption-attachment-6365\" style=\"width: 300px\" class=\"wp-caption alignright\"><a class=\"image-lightbox\" href=\"https:\/\/latraversiere.fr\/wp-content\/uploads\/2019\/02\/Les-fifres-du-Quercy.jpg\"><img loading=\"lazy\" src=\"https:\/\/latraversiere.fr\/wp-content\/uploads\/2019\/02\/Les-fifres-du-Quercy-300x225.jpg\" alt=\"Les fifres du Quercy\" width=\"300\" height=\"225\" class=\"size-medium wp-image-6365\" srcset=\"https:\/\/latraversiere.fr\/wp-content\/uploads\/2019\/02\/Les-fifres-du-Quercy-300x225.jpg 300w, https:\/\/latraversiere.fr\/wp-content\/uploads\/2019\/02\/Les-fifres-du-Quercy-768x576.jpg 768w, https:\/\/latraversiere.fr\/wp-content\/uploads\/2019\/02\/Les-fifres-du-Quercy.jpg 1024w, https:\/\/latraversiere.fr\/wp-content\/uploads\/2019\/02\/Les-fifres-du-Quercy-180x135.jpg 180w, https:\/\/latraversiere.fr\/wp-content\/uploads\/2019\/02\/Les-fifres-du-Quercy-600x450.jpg 600w\" sizes=\"(max-width: 300px) 100vw, 300px\" \/><\/a><figcaption id=\"caption-attachment-6365\" class=\"wp-caption-text\">Les fifres du Quercy<\/figcaption><\/figure><\/p>\n<p>C&#8217;est le r\u00e9mouleur-violoneux, Benoit Caunes, qui nous a accompagn\u00e9s dans sa ville natale et les alentours, afin de\u00a0rencontrer des chanteurs, ou t\u00e9moins, qui nous ont largement renseign\u00e9 sur la pratique du fifre et du tambour, entre\u00a0autre, pour les f\u00eates traditionnelles des marins pour la Pentec\u00f4te. Des informateurs poss\u00e9daient, chez eux, des fifres\u00a0anciens. L&#8217;usage de l&#8217;instrument avait disparu durant une p\u00e9riode et \u00e9tait r\u00e9apparu en 1953. Le commissaire de\u00a0police Roger Bidalou avait recr\u00e9\u00e9 l&#8217;\u00e9cole de musique de Moissac et \u00e9galement la compagnie des fifres-marins afin\u00a0de pouvoir animer les festivit\u00e9s de la ville. L&#8217;activit\u00e9 du groupe dura jusqu&#8217;en 1962. Aujourd&#8217;hui , les fifres et\u00a0tambours ne jouent plus pour les f\u00eates de la Pentec\u00f4te \u00e0 Moissac, remplac\u00e9s par des groupes de cuivres et bandas. Toutefois, nous avons pu conserver le r\u00e9pertoire anciennement jou\u00e9 par les fifres. L&#8217;historien moissagais, Henri\u00a0Ena, avait conserv\u00e9 les anciennes partitions des airs traditionnels de la f\u00eate. Par la suite, nous avons interpr\u00e9t\u00e9 ou\u00a0enregistr\u00e9 ce r\u00e9pertoire, \u00e0 plusieurs reprises. L&#8217;enqu\u00eate sur Moissac a fait l&#8217;objet d&#8217;un article (Musique de tradition populaire au d\u00e9but du si\u00e8cle \u00e0 Moissac et dans les environs, revue Quercy recherche n\u00b063, Cahors 1988).<\/p>\n<p><span style=\"color: #32a3c3;\"><strong>4\/ Le travail de transmission que tu as r\u00e9alis\u00e9, en tant qu\u2019enseignant, a t-il permis de relancer la pratique du fifre\u00a0dans le Lot ?<\/strong><\/span><\/p>\n<p>En ce qui concerne la transmission, nous avons form\u00e9 plusieurs fifraires au sein des \u00e9coles de musique du Lot\u00a0(\u00e9galement dans des stages). Nous avons cr\u00e9\u00e9 des dynamiques, \u00e0 des \u00e9poques, de bandes de fifres et tambours pour\u00a0des f\u00eates en ext\u00e9rieur (Carnavals surtout). Aujourd&#8217;hui cette dynamique s\u2019est un peu essouffl\u00e9e et beaucoup de\u00a0fifraires se sont d&#8217;avantage orient\u00e9s vers la musique de sc\u00e8ne, dans le bal en particulier.<\/p>\n<p><span style=\"color: #32a3c3;\"><strong>5\/ Tu es responsable de la formation DEM musiques traditionnelles au Conservatoire de Toulouse, en lien avec le\u00a0Centre Occitan des Musiques et Danses traditionnelles, quel bilan tires-tu de ces ann\u00e9es pass\u00e9es au sein de cette\u00a0institution ? Comment vois-tu l\u2019\u00e9volution du profil des \u00e9tudiants dans cette discipline ?<\/strong><\/span><\/p>\n<p>Pour mon exp\u00e9rience de coordination du d\u00e9partement des musiques traditionnelles CRR-COMDT, j&#8217;en tire un bilan\u00a0positif . Personnellement, j&#8217;en ai retir\u00e9 beaucoup de satisfaction au contact des \u00e9tudiants. En venant dans ce projet, il\u00a0m&#8217;a fallu apprendre un autre m\u00e9tier. Ce f\u00fbt plus transversal que ce que j&#8217;avais connu avant dans le Lot, ou dans\u00a0l&#8217;Aveyron, o\u00f9 j&#8217;avais surtout des enfants comme \u00e9l\u00e8ves et o\u00f9 on travaillait les &#8220;musiques locales&#8221;. A Toulouse, j&#8217;ai\u00a0eu \u00e0 faire \u00e0 des \u00e9tudiants adultes qui avaient d\u00e9j\u00e0 un parcours musical. L&#8217;\u00e9tude et la pratique de trois aires\u00a0culturelles au sein de ce d\u00e9partement p\u00e9dagogique (domaines occitan, arabo andalou-oriental, et flamenco) m&#8217;a\u00a0apport\u00e9 une certaine ouverture et demand\u00e9 un travail assez important d&#8217;adaptation .<br \/>\nLe b\u00e9mol que j&#8217;apporterais est celui du moment de l&#8217;\u00e9valuation, soit \u00e0 l&#8217;entr\u00e9e dans la formation, soit \u00e0 la sortie pour\u00a0les \u00e9tudiants qui pr\u00e9sentent leur examen final pour l&#8217;obtention du DEM. J&#8217;ai toujours essay\u00e9 d&#8217;inviter des jurys\u00a0compos\u00e9s de musiciens en qui j&#8217;avais une certaine confiance, connaissant leur parcours et leur vie de musicien et de\u00a0p\u00e9dagogue. Ils se sont toujours montr\u00e9s bienveillants et justes vis \u00e0 vis des candidats. Toutefois, j&#8217;ai observ\u00e9 que\u00a0l&#8217;\u00e9valuation n&#8217;\u00e9tait pas toujours juste, en observant ce que deviennent les musiciens pass\u00e9s par la formation.\u00a0Certains dipl\u00f4m\u00e9s ont des difficult\u00e9s \u00e0 d\u00e9velopper un projet musical. A l&#8217;inverse, certains &#8220;recal\u00e9s&#8221; se r\u00e9v\u00e8lent\u00a0comme des musiciens importants pour la vie musicale. Ceci m&#8217;a amen\u00e9 \u00e0 pr\u00e9ciser des crit\u00e8res d&#8217;\u00e9valuation au\u00a0travers d&#8217;une grille d\u00e9taill\u00e9e que j&#8217;ai pr\u00e9sent\u00e9e, en octobre de cette ann\u00e9e, \u00e0 Perpignan, pour l&#8217;Assembl\u00e9e G\u00e9n\u00e9rale\u00a0de l&#8217;AEMDT. (voir le site de l\u2019association : http:\/\/aemdt.fr\/wp).<\/p>\n<p><span style=\"color: #32a3c3;\"><strong>6\/ Tu es un musicien ouvert \u00e0 diverses pratiques musicales; quels sont tes projets en cours ou \u00e0 venir ?<\/strong><\/span><\/p>\n<p>Actuellement, je pr\u00e9pare, des projets avec mes \u00e9tudiants de Toulouse (Balajob\/ concert auditorium Saint-Pierre des\u00a0Cuisines\/ F\u00eate du Rondeau), un enregistrement de mon concert solo &#8220;Passatges&#8221; (hommage aux musiciens que j&#8217;ai\u00a0collect\u00e9s) et je poursuis mon travail avec les musiciens de mon association La Granja (par exemple cin\u00e9-concert\u00a0avec Georges Petit, Bastien Fontanille et Guilhem Boucher) ou bal avec le groupe Remolin.<\/p>\n<div class=\"row\" style=\"background: #F2F2F2; padding: 20px; text-align: center !important;\">\n<h4 style=\"text-transform: none; font-weight: 100; text-align: center !important; margin-top: 0px;\">Xavier Vidal<\/h4>\n<div class=\"col-xs-3\">\n<a class=\"image-lightbox\" href=\"https:\/\/latraversiere.fr\/wp-content\/uploads\/2019\/02\/XavierVidal.jpg\"><img loading=\"lazy\" src=\"https:\/\/latraversiere.fr\/wp-content\/uploads\/2019\/02\/XavierVidal.jpg\" alt=\"\" width=\"176\" height=\"173\" class=\"aligncenter size-full wp-image-6369\" \/><\/a>\n<\/div>\n<div class=\"col-xs-9\" style=\"text-align: justify; font-size: 12px; line-height:15px\">\nForm\u00e9 aux musiques populaires d\u00e8s son enfance, aupr\u00e8s d&#8217;un ancien musicien de bal et au sein d&#8217;une fanfare &#8211; harmonie, <strong>Xavier Vidal<\/strong> participe, \u00e0 l&#8217;\u00e2ge du lyc\u00e9e, \u00e0 l\u2019activit\u00e9 du groupe de jazz-rock toulousain Potemkine. Il d\u00e9couvre les musiques traditionnelles occitanes au sein de la troupe des Ballets Occitans(1974). Il participe aux activit\u00e9s de recherche, de collectage, du Conservatoire Occitan de Toulouse (\u00e0 partir de 1977) et effectue un travail de recherche ethnomusicologique dans la r\u00e9gion. Install\u00e9 dans le Lot \u00e0 partir de 1983, il fonde l\u2019Association pour les Musiques de Traditions Populaires en Quercy, qui entreprend un travail important de collecte des musiques populaires dans le d\u00e9partement du Lot. En 1987, il participe \u00e0 la cr\u00e9ation de d\u00e9partements p\u00e9dagogiques d\u00e9di\u00e9s \u00e0 ces musiques dans le d\u00e9partement du Tarn, de l\u2019Aveyron et dans le Lot. Il participe \u00e0 diff\u00e9rentes exp\u00e9riences musicales, en essayant de mettre la culture traditionnelle en contact avec les expressions contemporaines. En 2005, il cr\u00e9e l\u2019association La Granja \u00e0 Soulom\u00e8s (Lot) qui organise des actions de diffusion et de p\u00e9dagogie. Depuis septembre 2011, il est en charge de la coordination et enseigne \u00e9galement au sein du d\u00e9partement de musiques traditionnelles du CRR de Toulouse. Il participe \u00e0 la formation de pr\u00e9paration au DE de musiques traditionnelles au sein de l\u2019ISDAT.\n<\/div>\n<\/div>\n<p><\/p>","protected":false},"excerpt":{"rendered":"<p class=\"qtranxs-available-languages-message qtranxs-available-languages-message-en\">Sorry, this entry is only available in <a href=\"https:\/\/latraversiere.fr\/fr\/wp-json\/wp\/v2\/posts\/6360\" class=\"qtranxs-available-language-link qtranxs-available-language-link-fr\" title=\"Fran\u00e7ais\">French<\/a>. For the sake of viewer convenience, the content is shown below in the alternative language. You may click the link to switch the active language.<\/p>\n<p>Dans ce nouvel \u00e9pisode du \u00ab Feuilleton du fifre \u00bb, Sylvain Roux s\u2019entretient avec Xavier Vidal. Ensemble, ils reviennent sur l\u2019histoire du fifre dans le Lot.<\/p>\n","protected":false},"author":1,"featured_media":6373,"comment_status":"closed","ping_status":"open","sticky":false,"template":"","format":"standard","meta":[],"categories":[77],"tags":[],"yoast_head":"<!-- This site is optimized with the Yoast SEO plugin v17.5 - https:\/\/yoast.com\/wordpress\/plugins\/seo\/ -->\n<title>Le feuilleton du fifre - Entretien avec Xavier Vidal - LA TRAVERSIERE The french flute association<\/title>\n<meta name=\"robots\" content=\"index, follow, max-snippet:-1, max-image-preview:large, max-video-preview:-1\" \/>\n<link rel=\"canonical\" href=\"https:\/\/latraversiere.fr\/en\/webzine\/entretien\/le-feuilleton-du-fifre-entretien-avec-xavier-vidal\/\" \/>\n<meta property=\"og:locale\" content=\"en_US\" \/>\n<meta property=\"og:type\" content=\"article\" \/>\n<meta property=\"og:title\" content=\"Le feuilleton du fifre - Entretien avec Xavier Vidal - LA TRAVERSIERE The french flute association\" \/>\n<meta property=\"og:description\" content=\"[:fr]Dans ce nouvel \u00e9pisode du \u00ab Feuilleton du fifre \u00bb, Sylvain Roux s\u2019entretient avec Xavier Vidal. Ensemble, ils reviennent sur l\u2019histoire du fifre dans le Lot.[:]\" \/>\n<meta property=\"og:url\" content=\"https:\/\/latraversiere.fr\/en\/webzine\/entretien\/le-feuilleton-du-fifre-entretien-avec-xavier-vidal\/\" \/>\n<meta property=\"og:site_name\" content=\"LA TRAVERSIERE The french flute association\" \/>\n<meta property=\"article:publisher\" content=\"https:\/\/www.facebook.com\/traversieres\/\" \/>\n<meta property=\"article:published_time\" content=\"2019-02-18T06:34:34+00:00\" \/>\n<meta property=\"article:modified_time\" content=\"2021-07-14T10:00:45+00:00\" \/>\n<meta property=\"og:image\" content=\"https:\/\/latraversiere.fr\/wp-content\/uploads\/2019\/02\/Fifre-EntretienXavierVidal.jpg\" \/>\n\t<meta property=\"og:image:width\" content=\"600\" \/>\n\t<meta property=\"og:image:height\" content=\"513\" \/>\n<meta name=\"twitter:card\" content=\"summary\" \/>\n<meta name=\"twitter:creator\" content=\"@La_Traversiere\" \/>\n<meta name=\"twitter:site\" content=\"@La_Traversiere\" \/>\n<meta name=\"twitter:label1\" content=\"Written by\" \/>\n\t<meta name=\"twitter:data1\" content=\"Thomas MALLET\" \/>\n\t<meta name=\"twitter:label2\" content=\"Est. reading time\" \/>\n\t<meta name=\"twitter:data2\" content=\"7 minutes\" \/>\n<script type=\"application\/ld+json\" class=\"yoast-schema-graph\">{\"@context\":\"https:\/\/schema.org\",\"@graph\":[{\"@type\":\"Organization\",\"@id\":\"https:\/\/latraversiere.fr\/#organization\",\"name\":\"La Traversi\\u00e8re - Association Fran\\u00e7aise de la Fl\\u00fbte\",\"url\":\"https:\/\/latraversiere.fr\/\",\"sameAs\":[\"https:\/\/www.facebook.com\/traversieres\/\",\"https:\/\/www.instagram.com\/la_traversiere\/\",\"https:\/\/www.youtube.com\/channel\/UC46MEQZI2BfRZNFUFqc59Sw\",\"https:\/\/twitter.com\/La_Traversiere\"],\"logo\":{\"@type\":\"ImageObject\",\"@id\":\"https:\/\/latraversiere.fr\/#logo\",\"inLanguage\":\"en-US\",\"url\":\"https:\/\/latraversiere.fr\/wp-content\/uploads\/2018\/01\/LOGO-Traversiere-SITE-1.png\",\"contentUrl\":\"https:\/\/latraversiere.fr\/wp-content\/uploads\/2018\/01\/LOGO-Traversiere-SITE-1.png\",\"width\":539,\"height\":200,\"caption\":\"La Traversi\\u00e8re - Association Fran\\u00e7aise de la Fl\\u00fbte\"},\"image\":{\"@id\":\"https:\/\/latraversiere.fr\/#logo\"}},{\"@type\":\"WebSite\",\"@id\":\"https:\/\/latraversiere.fr\/#website\",\"url\":\"https:\/\/latraversiere.fr\/\",\"name\":\"LA TRAVERSIERE The french flute association\",\"description\":\"\",\"publisher\":{\"@id\":\"https:\/\/latraversiere.fr\/#organization\"},\"potentialAction\":[{\"@type\":\"SearchAction\",\"target\":{\"@type\":\"EntryPoint\",\"urlTemplate\":\"https:\/\/latraversiere.fr\/?s={search_term_string}\"},\"query-input\":\"required name=search_term_string\"}],\"inLanguage\":\"en-US\"},{\"@type\":\"ImageObject\",\"@id\":\"https:\/\/latraversiere.fr\/en\/webzine\/entretien\/le-feuilleton-du-fifre-entretien-avec-xavier-vidal\/#primaryimage\",\"inLanguage\":\"en-US\",\"url\":\"https:\/\/latraversiere.fr\/wp-content\/uploads\/2019\/02\/Fifre-EntretienXavierVidal.jpg\",\"contentUrl\":\"https:\/\/latraversiere.fr\/wp-content\/uploads\/2019\/02\/Fifre-EntretienXavierVidal.jpg\",\"width\":600,\"height\":513},{\"@type\":\"WebPage\",\"@id\":\"https:\/\/latraversiere.fr\/en\/webzine\/entretien\/le-feuilleton-du-fifre-entretien-avec-xavier-vidal\/#webpage\",\"url\":\"https:\/\/latraversiere.fr\/en\/webzine\/entretien\/le-feuilleton-du-fifre-entretien-avec-xavier-vidal\/\",\"name\":\"Le feuilleton du fifre - Entretien avec Xavier Vidal - LA TRAVERSIERE The french flute association\",\"isPartOf\":{\"@id\":\"https:\/\/latraversiere.fr\/#website\"},\"primaryImageOfPage\":{\"@id\":\"https:\/\/latraversiere.fr\/en\/webzine\/entretien\/le-feuilleton-du-fifre-entretien-avec-xavier-vidal\/#primaryimage\"},\"datePublished\":\"2019-02-18T06:34:34+00:00\",\"dateModified\":\"2021-07-14T10:00:45+00:00\",\"breadcrumb\":{\"@id\":\"https:\/\/latraversiere.fr\/en\/webzine\/entretien\/le-feuilleton-du-fifre-entretien-avec-xavier-vidal\/#breadcrumb\"},\"inLanguage\":\"en-US\",\"potentialAction\":[{\"@type\":\"ReadAction\",\"target\":[\"https:\/\/latraversiere.fr\/en\/webzine\/entretien\/le-feuilleton-du-fifre-entretien-avec-xavier-vidal\/\"]}]},{\"@type\":\"BreadcrumbList\",\"@id\":\"https:\/\/latraversiere.fr\/en\/webzine\/entretien\/le-feuilleton-du-fifre-entretien-avec-xavier-vidal\/#breadcrumb\",\"itemListElement\":[{\"@type\":\"ListItem\",\"position\":1,\"name\":\"Accueil\",\"item\":\"https:\/\/latraversiere.fr\/\"},{\"@type\":\"ListItem\",\"position\":2,\"name\":\"Le feuilleton du fifre &#8211; Entretien avec Xavier Vidal\"}]},{\"@type\":\"Article\",\"@id\":\"https:\/\/latraversiere.fr\/en\/webzine\/entretien\/le-feuilleton-du-fifre-entretien-avec-xavier-vidal\/#article\",\"isPartOf\":{\"@id\":\"https:\/\/latraversiere.fr\/en\/webzine\/entretien\/le-feuilleton-du-fifre-entretien-avec-xavier-vidal\/#webpage\"},\"author\":{\"@id\":\"https:\/\/latraversiere.fr\/#\/schema\/person\/49ed1d29827f483eda3a44dec9c62b39\"},\"headline\":\"Le feuilleton du fifre &#8211; Entretien avec Xavier Vidal\",\"datePublished\":\"2019-02-18T06:34:34+00:00\",\"dateModified\":\"2021-07-14T10:00:45+00:00\",\"mainEntityOfPage\":{\"@id\":\"https:\/\/latraversiere.fr\/en\/webzine\/entretien\/le-feuilleton-du-fifre-entretien-avec-xavier-vidal\/#webpage\"},\"wordCount\":1397,\"publisher\":{\"@id\":\"https:\/\/latraversiere.fr\/#organization\"},\"image\":{\"@id\":\"https:\/\/latraversiere.fr\/en\/webzine\/entretien\/le-feuilleton-du-fifre-entretien-avec-xavier-vidal\/#primaryimage\"},\"thumbnailUrl\":\"https:\/\/latraversiere.fr\/wp-content\/uploads\/2019\/02\/Fifre-EntretienXavierVidal.jpg\",\"articleSection\":[\"Entretiens\"],\"inLanguage\":\"en-US\"},{\"@type\":\"Person\",\"@id\":\"https:\/\/latraversiere.fr\/#\/schema\/person\/49ed1d29827f483eda3a44dec9c62b39\",\"name\":\"Thomas MALLET\",\"image\":{\"@type\":\"ImageObject\",\"@id\":\"https:\/\/latraversiere.fr\/#personlogo\",\"inLanguage\":\"en-US\",\"url\":\"https:\/\/secure.gravatar.com\/avatar\/74ac6f0286bcefc0974d6d00c3f96d33?s=96&d=mm&r=g\",\"contentUrl\":\"https:\/\/secure.gravatar.com\/avatar\/74ac6f0286bcefc0974d6d00c3f96d33?s=96&d=mm&r=g\",\"caption\":\"Thomas MALLET\"}}]}<\/script>\n<!-- \/ Yoast SEO plugin. -->","yoast_head_json":{"title":"Le feuilleton du fifre - Entretien avec Xavier Vidal - LA TRAVERSIERE The french flute association","robots":{"index":"index","follow":"follow","max-snippet":"max-snippet:-1","max-image-preview":"max-image-preview:large","max-video-preview":"max-video-preview:-1"},"canonical":"https:\/\/latraversiere.fr\/en\/webzine\/entretien\/le-feuilleton-du-fifre-entretien-avec-xavier-vidal\/","og_locale":"en_US","og_type":"article","og_title":"Le feuilleton du fifre - Entretien avec Xavier Vidal - LA TRAVERSIERE The french flute association","og_description":"[:fr]Dans ce nouvel \u00e9pisode du \u00ab Feuilleton du fifre \u00bb, Sylvain Roux s\u2019entretient avec Xavier Vidal. Ensemble, ils reviennent sur l\u2019histoire du fifre dans le Lot.[:]","og_url":"https:\/\/latraversiere.fr\/en\/webzine\/entretien\/le-feuilleton-du-fifre-entretien-avec-xavier-vidal\/","og_site_name":"LA TRAVERSIERE The french flute association","article_publisher":"https:\/\/www.facebook.com\/traversieres\/","article_published_time":"2019-02-18T06:34:34+00:00","article_modified_time":"2021-07-14T10:00:45+00:00","og_image":[{"width":600,"height":513,"url":"https:\/\/latraversiere.fr\/wp-content\/uploads\/2019\/02\/Fifre-EntretienXavierVidal.jpg","type":"image\/jpeg"}],"twitter_card":"summary","twitter_creator":"@La_Traversiere","twitter_site":"@La_Traversiere","twitter_misc":{"Written by":"Thomas MALLET","Est. reading time":"7 minutes"},"schema":{"@context":"https:\/\/schema.org","@graph":[{"@type":"Organization","@id":"https:\/\/latraversiere.fr\/#organization","name":"La Traversi\u00e8re - Association Fran\u00e7aise de la Fl\u00fbte","url":"https:\/\/latraversiere.fr\/","sameAs":["https:\/\/www.facebook.com\/traversieres\/","https:\/\/www.instagram.com\/la_traversiere\/","https:\/\/www.youtube.com\/channel\/UC46MEQZI2BfRZNFUFqc59Sw","https:\/\/twitter.com\/La_Traversiere"],"logo":{"@type":"ImageObject","@id":"https:\/\/latraversiere.fr\/#logo","inLanguage":"en-US","url":"https:\/\/latraversiere.fr\/wp-content\/uploads\/2018\/01\/LOGO-Traversiere-SITE-1.png","contentUrl":"https:\/\/latraversiere.fr\/wp-content\/uploads\/2018\/01\/LOGO-Traversiere-SITE-1.png","width":539,"height":200,"caption":"La Traversi\u00e8re - Association Fran\u00e7aise de la Fl\u00fbte"},"image":{"@id":"https:\/\/latraversiere.fr\/#logo"}},{"@type":"WebSite","@id":"https:\/\/latraversiere.fr\/#website","url":"https:\/\/latraversiere.fr\/","name":"LA TRAVERSIERE The french flute association","description":"","publisher":{"@id":"https:\/\/latraversiere.fr\/#organization"},"potentialAction":[{"@type":"SearchAction","target":{"@type":"EntryPoint","urlTemplate":"https:\/\/latraversiere.fr\/?s={search_term_string}"},"query-input":"required name=search_term_string"}],"inLanguage":"en-US"},{"@type":"ImageObject","@id":"https:\/\/latraversiere.fr\/en\/webzine\/entretien\/le-feuilleton-du-fifre-entretien-avec-xavier-vidal\/#primaryimage","inLanguage":"en-US","url":"https:\/\/latraversiere.fr\/wp-content\/uploads\/2019\/02\/Fifre-EntretienXavierVidal.jpg","contentUrl":"https:\/\/latraversiere.fr\/wp-content\/uploads\/2019\/02\/Fifre-EntretienXavierVidal.jpg","width":600,"height":513},{"@type":"WebPage","@id":"https:\/\/latraversiere.fr\/en\/webzine\/entretien\/le-feuilleton-du-fifre-entretien-avec-xavier-vidal\/#webpage","url":"https:\/\/latraversiere.fr\/en\/webzine\/entretien\/le-feuilleton-du-fifre-entretien-avec-xavier-vidal\/","name":"Le feuilleton du fifre - Entretien avec Xavier Vidal - LA TRAVERSIERE The french flute association","isPartOf":{"@id":"https:\/\/latraversiere.fr\/#website"},"primaryImageOfPage":{"@id":"https:\/\/latraversiere.fr\/en\/webzine\/entretien\/le-feuilleton-du-fifre-entretien-avec-xavier-vidal\/#primaryimage"},"datePublished":"2019-02-18T06:34:34+00:00","dateModified":"2021-07-14T10:00:45+00:00","breadcrumb":{"@id":"https:\/\/latraversiere.fr\/en\/webzine\/entretien\/le-feuilleton-du-fifre-entretien-avec-xavier-vidal\/#breadcrumb"},"inLanguage":"en-US","potentialAction":[{"@type":"ReadAction","target":["https:\/\/latraversiere.fr\/en\/webzine\/entretien\/le-feuilleton-du-fifre-entretien-avec-xavier-vidal\/"]}]},{"@type":"BreadcrumbList","@id":"https:\/\/latraversiere.fr\/en\/webzine\/entretien\/le-feuilleton-du-fifre-entretien-avec-xavier-vidal\/#breadcrumb","itemListElement":[{"@type":"ListItem","position":1,"name":"Accueil","item":"https:\/\/latraversiere.fr\/"},{"@type":"ListItem","position":2,"name":"Le feuilleton du fifre &#8211; Entretien avec Xavier Vidal"}]},{"@type":"Article","@id":"https:\/\/latraversiere.fr\/en\/webzine\/entretien\/le-feuilleton-du-fifre-entretien-avec-xavier-vidal\/#article","isPartOf":{"@id":"https:\/\/latraversiere.fr\/en\/webzine\/entretien\/le-feuilleton-du-fifre-entretien-avec-xavier-vidal\/#webpage"},"author":{"@id":"https:\/\/latraversiere.fr\/#\/schema\/person\/49ed1d29827f483eda3a44dec9c62b39"},"headline":"Le feuilleton du fifre &#8211; Entretien avec Xavier Vidal","datePublished":"2019-02-18T06:34:34+00:00","dateModified":"2021-07-14T10:00:45+00:00","mainEntityOfPage":{"@id":"https:\/\/latraversiere.fr\/en\/webzine\/entretien\/le-feuilleton-du-fifre-entretien-avec-xavier-vidal\/#webpage"},"wordCount":1397,"publisher":{"@id":"https:\/\/latraversiere.fr\/#organization"},"image":{"@id":"https:\/\/latraversiere.fr\/en\/webzine\/entretien\/le-feuilleton-du-fifre-entretien-avec-xavier-vidal\/#primaryimage"},"thumbnailUrl":"https:\/\/latraversiere.fr\/wp-content\/uploads\/2019\/02\/Fifre-EntretienXavierVidal.jpg","articleSection":["Entretiens"],"inLanguage":"en-US"},{"@type":"Person","@id":"https:\/\/latraversiere.fr\/#\/schema\/person\/49ed1d29827f483eda3a44dec9c62b39","name":"Thomas MALLET","image":{"@type":"ImageObject","@id":"https:\/\/latraversiere.fr\/#personlogo","inLanguage":"en-US","url":"https:\/\/secure.gravatar.com\/avatar\/74ac6f0286bcefc0974d6d00c3f96d33?s=96&d=mm&r=g","contentUrl":"https:\/\/secure.gravatar.com\/avatar\/74ac6f0286bcefc0974d6d00c3f96d33?s=96&d=mm&r=g","caption":"Thomas MALLET"}}]}},"_links":{"self":[{"href":"https:\/\/latraversiere.fr\/en\/wp-json\/wp\/v2\/posts\/6360"}],"collection":[{"href":"https:\/\/latraversiere.fr\/en\/wp-json\/wp\/v2\/posts"}],"about":[{"href":"https:\/\/latraversiere.fr\/en\/wp-json\/wp\/v2\/types\/post"}],"author":[{"embeddable":true,"href":"https:\/\/latraversiere.fr\/en\/wp-json\/wp\/v2\/users\/1"}],"replies":[{"embeddable":true,"href":"https:\/\/latraversiere.fr\/en\/wp-json\/wp\/v2\/comments?post=6360"}],"version-history":[{"count":8,"href":"https:\/\/latraversiere.fr\/en\/wp-json\/wp\/v2\/posts\/6360\/revisions"}],"predecessor-version":[{"id":6372,"href":"https:\/\/latraversiere.fr\/en\/wp-json\/wp\/v2\/posts\/6360\/revisions\/6372"}],"wp:featuredmedia":[{"embeddable":true,"href":"https:\/\/latraversiere.fr\/en\/wp-json\/wp\/v2\/media\/6373"}],"wp:attachment":[{"href":"https:\/\/latraversiere.fr\/en\/wp-json\/wp\/v2\/media?parent=6360"}],"wp:term":[{"taxonomy":"category","embeddable":true,"href":"https:\/\/latraversiere.fr\/en\/wp-json\/wp\/v2\/categories?post=6360"},{"taxonomy":"post_tag","embeddable":true,"href":"https:\/\/latraversiere.fr\/en\/wp-json\/wp\/v2\/tags?post=6360"}],"curies":[{"name":"wp","href":"https:\/\/api.w.org\/{rel}","templated":true}]}}