{"id":9992,"date":"2020-04-26T20:00:34","date_gmt":"2020-04-26T18:00:34","guid":{"rendered":"https:\/\/latraversiere.fr\/?p=9992"},"modified":"2020-05-31T09:28:25","modified_gmt":"2020-05-31T07:28:25","slug":"les-concerts-de-pan-episode-7-jacob-van-eyck-john-dowland","status":"publish","type":"post","link":"https:\/\/latraversiere.fr\/en\/webzine\/facture\/les-concerts-de-pan-episode-7-jacob-van-eyck-john-dowland\/","title":{"rendered":"Les Concerts de Pan \u2013 Episode 7 \u2013 Jacob VAN EYCK &#038; John DOWLAND"},"content":{"rendered":"<p class=\"qtranxs-available-languages-message qtranxs-available-languages-message-en\">Sorry, this entry is only available in <a href=\"https:\/\/latraversiere.fr\/fr\/wp-json\/wp\/v2\/posts\/9992\" class=\"qtranxs-available-language-link qtranxs-available-language-link-fr\" title=\"Fran\u00e7ais\">French<\/a>. For the sake of viewer convenience, the content is shown below in the alternative language. You may click the link to switch the active language.<\/p><p>Alexis Kossenko interpr\u00e8te dans ce septi\u00e8me \u00e9pisode des Concerts de Pan la Pavane lacryme, extrait de Der Fluyten Lust-hof (\u00ab Le jardin des plaisirs de la fl\u00fbte \u00bb), de Jacob VAN EYCK (1590-1657) sur une fl\u00fbte alto renaissance en sol (fabriqu\u00e9e par Giovanni Tardino) | A = 440<\/p>\n<p><iframe loading=\"lazy\" title=\"VAN EYCK &amp; DOWLAND - Pavane lacryme - Alexis Kossenko (LCDP#7)\" width=\"980\" height=\"551\" src=\"https:\/\/www.youtube.com\/embed\/JfQGLxPawdo?feature=oembed\" frameborder=\"0\" allow=\"accelerometer; autoplay; encrypted-media; gyroscope; picture-in-picture\" allowfullscreen><\/iframe><br \/>\n<em>\u00a9 Les Concerts de Pan &#8211; R\u00e9alisation : Colin Laurent \/\/ www.colinlaurent.com<\/em><\/p>\n<div class=\"clear\"><\/div>\n<p><\/p>","protected":false},"excerpt":{"rendered":"<p class=\"qtranxs-available-languages-message qtranxs-available-languages-message-en\">Sorry, this entry is only available in <a href=\"https:\/\/latraversiere.fr\/fr\/wp-json\/wp\/v2\/posts\/9992\" class=\"qtranxs-available-language-link qtranxs-available-language-link-fr\" title=\"Fran\u00e7ais\">French<\/a>. For the sake of viewer convenience, the content is shown below in the alternative language. You may click the link to switch the active language.<\/p>\n<p>Alexis Kossenko interpr\u00e8te dans ce septi\u00e8me \u00e9pisode des Concerts de Pan la Pavane lacryme, extrait de Der Fluyten Lust-hof (\u00ab Le jardin des plaisirs de la fl\u00fbte \u00bb), de Jacob VAN EYCK (1590-1657) sur une fl\u00fbte alto renaissance en sol (fabriqu\u00e9e par Giovanni Tardino) | A = 440<\/p>\n","protected":false},"author":1,"featured_media":9990,"comment_status":"closed","ping_status":"open","sticky":false,"template":"","format":"standard","meta":[],"categories":[227,228],"tags":[234],"yoast_head":"<!-- This site is optimized with the Yoast SEO plugin v17.5 - https:\/\/yoast.com\/wordpress\/plugins\/seo\/ -->\n<title><\/title>\n<meta name=\"robots\" content=\"index, follow, max-snippet:-1, max-image-preview:large, max-video-preview:-1\" \/>\n<link rel=\"canonical\" href=\"https:\/\/latraversiere.fr\/webzine\/facture\/les-concerts-de-pan-episode-7-jacob-van-eyck-john-dowland\/\" \/>\n<meta property=\"og:locale\" content=\"en_US\" \/>\n<meta property=\"og:type\" content=\"article\" \/>\n<meta property=\"og:title\" content=\"[:fr]Les Concerts de Pan \u2013 Episode 7 \u2013 Jacob VAN EYCK &amp; John DOWLAND[:] - LA TRAVERSIERE The french flute association\" \/>\n<meta property=\"og:description\" content=\"[:fr]Alexis Kossenko interpr\u00e8te dans ce septi\u00e8me \u00e9pisode des Concerts de Pan la Pavane lacryme, extrait de Der Fluyten Lust-hof (\u00ab Le jardin des plaisirs de la fl\u00fbte \u00bb), de Jacob VAN EYCK (1590-1657) sur une fl\u00fbte alto renaissance en sol (fabriqu\u00e9e par Giovanni Tardino) | A = 440[:]\" \/>\n<meta property=\"og:url\" content=\"https:\/\/latraversiere.fr\/webzine\/facture\/les-concerts-de-pan-episode-7-jacob-van-eyck-john-dowland\/\" \/>\n<meta property=\"og:site_name\" content=\"LA TRAVERSIERE The french flute association\" \/>\n<meta property=\"article:publisher\" content=\"https:\/\/www.facebook.com\/traversieres\/\" \/>\n<meta property=\"article:published_time\" content=\"2020-04-26T18:00:34+00:00\" \/>\n<meta property=\"article:modified_time\" content=\"2020-05-31T07:28:25+00:00\" \/>\n<meta property=\"og:image\" content=\"https:\/\/latraversiere.fr\/wp-content\/uploads\/2020\/05\/6-VAN-EYCK-Der-Fluyten-Lust-Hof.jpg\" \/>\n\t<meta property=\"og:image:width\" content=\"600\" \/>\n\t<meta property=\"og:image:height\" content=\"513\" \/>\n<meta name=\"twitter:card\" content=\"summary\" \/>\n<meta name=\"twitter:creator\" content=\"@La_Traversiere\" \/>\n<meta name=\"twitter:site\" content=\"@La_Traversiere\" \/>\n<meta name=\"twitter:label1\" content=\"Written by\" \/>\n\t<meta name=\"twitter:data1\" content=\"Thomas MALLET\" \/>\n<script type=\"application\/ld+json\" class=\"yoast-schema-graph\">{\"@context\":\"https:\/\/schema.org\",\"@graph\":[{\"@type\":\"Organization\",\"@id\":\"https:\/\/latraversiere.fr\/#organization\",\"name\":\"La Traversi\\u00e8re - Association Fran\\u00e7aise de la Fl\\u00fbte\",\"url\":\"https:\/\/latraversiere.fr\/\",\"sameAs\":[\"https:\/\/www.facebook.com\/traversieres\/\",\"https:\/\/www.instagram.com\/la_traversiere\/\",\"https:\/\/www.youtube.com\/channel\/UC46MEQZI2BfRZNFUFqc59Sw\",\"https:\/\/twitter.com\/La_Traversiere\"],\"logo\":{\"@type\":\"ImageObject\",\"@id\":\"https:\/\/latraversiere.fr\/#logo\",\"inLanguage\":\"en-US\",\"url\":\"https:\/\/latraversiere.fr\/wp-content\/uploads\/2018\/01\/LOGO-Traversiere-SITE-1.png\",\"contentUrl\":\"https:\/\/latraversiere.fr\/wp-content\/uploads\/2018\/01\/LOGO-Traversiere-SITE-1.png\",\"width\":539,\"height\":200,\"caption\":\"La Traversi\\u00e8re - Association Fran\\u00e7aise de la Fl\\u00fbte\"},\"image\":{\"@id\":\"https:\/\/latraversiere.fr\/#logo\"}},{\"@type\":\"WebSite\",\"@id\":\"https:\/\/latraversiere.fr\/#website\",\"url\":\"https:\/\/latraversiere.fr\/\",\"name\":\"LA TRAVERSIERE The french flute association\",\"description\":\"\",\"publisher\":{\"@id\":\"https:\/\/latraversiere.fr\/#organization\"},\"potentialAction\":[{\"@type\":\"SearchAction\",\"target\":{\"@type\":\"EntryPoint\",\"urlTemplate\":\"https:\/\/latraversiere.fr\/?s={search_term_string}\"},\"query-input\":\"required name=search_term_string\"}],\"inLanguage\":\"en-US\"},{\"@type\":\"ImageObject\",\"@id\":\"https:\/\/latraversiere.fr\/webzine\/facture\/les-concerts-de-pan-episode-7-jacob-van-eyck-john-dowland\/#primaryimage\",\"inLanguage\":\"en-US\",\"url\":\"https:\/\/latraversiere.fr\/wp-content\/uploads\/2020\/05\/6-VAN-EYCK-Der-Fluyten-Lust-Hof.jpg\",\"contentUrl\":\"https:\/\/latraversiere.fr\/wp-content\/uploads\/2020\/05\/6-VAN-EYCK-Der-Fluyten-Lust-Hof.jpg\",\"width\":600,\"height\":513},{\"@type\":\"WebPage\",\"@id\":\"https:\/\/latraversiere.fr\/webzine\/facture\/les-concerts-de-pan-episode-7-jacob-van-eyck-john-dowland\/#webpage\",\"url\":\"https:\/\/latraversiere.fr\/webzine\/facture\/les-concerts-de-pan-episode-7-jacob-van-eyck-john-dowland\/\",\"name\":\"[:fr]Les Concerts de Pan \\u2013 Episode 7 \\u2013 Jacob VAN EYCK & John DOWLAND[:] - LA TRAVERSIERE The french flute association\",\"isPartOf\":{\"@id\":\"https:\/\/latraversiere.fr\/#website\"},\"primaryImageOfPage\":{\"@id\":\"https:\/\/latraversiere.fr\/webzine\/facture\/les-concerts-de-pan-episode-7-jacob-van-eyck-john-dowland\/#primaryimage\"},\"datePublished\":\"2020-04-26T18:00:34+00:00\",\"dateModified\":\"2020-05-31T07:28:25+00:00\",\"breadcrumb\":{\"@id\":\"https:\/\/latraversiere.fr\/webzine\/facture\/les-concerts-de-pan-episode-7-jacob-van-eyck-john-dowland\/#breadcrumb\"},\"inLanguage\":\"en-US\",\"potentialAction\":[{\"@type\":\"ReadAction\",\"target\":[\"https:\/\/latraversiere.fr\/webzine\/facture\/les-concerts-de-pan-episode-7-jacob-van-eyck-john-dowland\/\"]}]},{\"@type\":\"BreadcrumbList\",\"@id\":\"https:\/\/latraversiere.fr\/webzine\/facture\/les-concerts-de-pan-episode-7-jacob-van-eyck-john-dowland\/#breadcrumb\",\"itemListElement\":[{\"@type\":\"ListItem\",\"position\":1,\"name\":\"Accueil\",\"item\":\"https:\/\/latraversiere.fr\/\"},{\"@type\":\"ListItem\",\"position\":2,\"name\":\"Les Concerts de Pan \\u2013 Episode 7 \\u2013 Jacob VAN EYCK &#038; John DOWLAND\"}]},{\"@type\":\"Article\",\"@id\":\"https:\/\/latraversiere.fr\/webzine\/facture\/les-concerts-de-pan-episode-7-jacob-van-eyck-john-dowland\/#article\",\"isPartOf\":{\"@id\":\"https:\/\/latraversiere.fr\/webzine\/facture\/les-concerts-de-pan-episode-7-jacob-van-eyck-john-dowland\/#webpage\"},\"author\":{\"@id\":\"https:\/\/latraversiere.fr\/#\/schema\/person\/49ed1d29827f483eda3a44dec9c62b39\"},\"headline\":\"Les Concerts de Pan \\u2013 Episode 7 \\u2013 Jacob VAN EYCK &#038; John DOWLAND\",\"datePublished\":\"2020-04-26T18:00:34+00:00\",\"dateModified\":\"2020-05-31T07:28:25+00:00\",\"mainEntityOfPage\":{\"@id\":\"https:\/\/latraversiere.fr\/webzine\/facture\/les-concerts-de-pan-episode-7-jacob-van-eyck-john-dowland\/#webpage\"},\"wordCount\":79,\"publisher\":{\"@id\":\"https:\/\/latraversiere.fr\/#organization\"},\"image\":{\"@id\":\"https:\/\/latraversiere.fr\/webzine\/facture\/les-concerts-de-pan-episode-7-jacob-van-eyck-john-dowland\/#primaryimage\"},\"thumbnailUrl\":\"https:\/\/latraversiere.fr\/wp-content\/uploads\/2020\/05\/6-VAN-EYCK-Der-Fluyten-Lust-Hof.jpg\",\"keywords\":[\"Alexis Kossenko\"],\"articleSection\":[\"Facture\",\"Histoire\"],\"inLanguage\":\"en-US\"},{\"@type\":\"Person\",\"@id\":\"https:\/\/latraversiere.fr\/#\/schema\/person\/49ed1d29827f483eda3a44dec9c62b39\",\"name\":\"Thomas MALLET\",\"image\":{\"@type\":\"ImageObject\",\"@id\":\"https:\/\/latraversiere.fr\/#personlogo\",\"inLanguage\":\"en-US\",\"url\":\"https:\/\/secure.gravatar.com\/avatar\/74ac6f0286bcefc0974d6d00c3f96d33?s=96&d=mm&r=g\",\"contentUrl\":\"https:\/\/secure.gravatar.com\/avatar\/74ac6f0286bcefc0974d6d00c3f96d33?s=96&d=mm&r=g\",\"caption\":\"Thomas MALLET\"}}]}<\/script>\n<!-- \/ Yoast SEO plugin. -->","yoast_head_json":{"title":"[:fr]Les Concerts de Pan \u2013 Episode 7 \u2013 Jacob VAN EYCK & John DOWLAND[:] - LA TRAVERSIERE The french flute association","robots":{"index":"index","follow":"follow","max-snippet":"max-snippet:-1","max-image-preview":"max-image-preview:large","max-video-preview":"max-video-preview:-1"},"canonical":"https:\/\/latraversiere.fr\/webzine\/facture\/les-concerts-de-pan-episode-7-jacob-van-eyck-john-dowland\/","og_locale":"en_US","og_type":"article","og_title":"[:fr]Les Concerts de Pan \u2013 Episode 7 \u2013 Jacob VAN EYCK & John DOWLAND[:] - LA TRAVERSIERE The french flute association","og_description":"[:fr]Alexis Kossenko interpr\u00e8te dans ce septi\u00e8me \u00e9pisode des Concerts de Pan la Pavane lacryme, extrait de Der Fluyten Lust-hof (\u00ab Le jardin des plaisirs de la fl\u00fbte \u00bb), de Jacob VAN EYCK (1590-1657) sur une fl\u00fbte alto renaissance en sol (fabriqu\u00e9e par Giovanni Tardino) | A = 440[:]","og_url":"https:\/\/latraversiere.fr\/webzine\/facture\/les-concerts-de-pan-episode-7-jacob-van-eyck-john-dowland\/","og_site_name":"LA TRAVERSIERE The french flute association","article_publisher":"https:\/\/www.facebook.com\/traversieres\/","article_published_time":"2020-04-26T18:00:34+00:00","article_modified_time":"2020-05-31T07:28:25+00:00","og_image":[{"width":600,"height":513,"url":"https:\/\/latraversiere.fr\/wp-content\/uploads\/2020\/05\/6-VAN-EYCK-Der-Fluyten-Lust-Hof.jpg","type":"image\/jpeg"}],"twitter_card":"summary","twitter_creator":"@La_Traversiere","twitter_site":"@La_Traversiere","twitter_misc":{"Written by":"Thomas MALLET"},"schema":{"@context":"https:\/\/schema.org","@graph":[{"@type":"Organization","@id":"https:\/\/latraversiere.fr\/#organization","name":"La Traversi\u00e8re - Association Fran\u00e7aise de la Fl\u00fbte","url":"https:\/\/latraversiere.fr\/","sameAs":["https:\/\/www.facebook.com\/traversieres\/","https:\/\/www.instagram.com\/la_traversiere\/","https:\/\/www.youtube.com\/channel\/UC46MEQZI2BfRZNFUFqc59Sw","https:\/\/twitter.com\/La_Traversiere"],"logo":{"@type":"ImageObject","@id":"https:\/\/latraversiere.fr\/#logo","inLanguage":"en-US","url":"https:\/\/latraversiere.fr\/wp-content\/uploads\/2018\/01\/LOGO-Traversiere-SITE-1.png","contentUrl":"https:\/\/latraversiere.fr\/wp-content\/uploads\/2018\/01\/LOGO-Traversiere-SITE-1.png","width":539,"height":200,"caption":"La Traversi\u00e8re - Association Fran\u00e7aise de la Fl\u00fbte"},"image":{"@id":"https:\/\/latraversiere.fr\/#logo"}},{"@type":"WebSite","@id":"https:\/\/latraversiere.fr\/#website","url":"https:\/\/latraversiere.fr\/","name":"LA TRAVERSIERE The french flute association","description":"","publisher":{"@id":"https:\/\/latraversiere.fr\/#organization"},"potentialAction":[{"@type":"SearchAction","target":{"@type":"EntryPoint","urlTemplate":"https:\/\/latraversiere.fr\/?s={search_term_string}"},"query-input":"required name=search_term_string"}],"inLanguage":"en-US"},{"@type":"ImageObject","@id":"https:\/\/latraversiere.fr\/webzine\/facture\/les-concerts-de-pan-episode-7-jacob-van-eyck-john-dowland\/#primaryimage","inLanguage":"en-US","url":"https:\/\/latraversiere.fr\/wp-content\/uploads\/2020\/05\/6-VAN-EYCK-Der-Fluyten-Lust-Hof.jpg","contentUrl":"https:\/\/latraversiere.fr\/wp-content\/uploads\/2020\/05\/6-VAN-EYCK-Der-Fluyten-Lust-Hof.jpg","width":600,"height":513},{"@type":"WebPage","@id":"https:\/\/latraversiere.fr\/webzine\/facture\/les-concerts-de-pan-episode-7-jacob-van-eyck-john-dowland\/#webpage","url":"https:\/\/latraversiere.fr\/webzine\/facture\/les-concerts-de-pan-episode-7-jacob-van-eyck-john-dowland\/","name":"[:fr]Les Concerts de Pan \u2013 Episode 7 \u2013 Jacob VAN EYCK & John DOWLAND[:] - LA TRAVERSIERE The french flute association","isPartOf":{"@id":"https:\/\/latraversiere.fr\/#website"},"primaryImageOfPage":{"@id":"https:\/\/latraversiere.fr\/webzine\/facture\/les-concerts-de-pan-episode-7-jacob-van-eyck-john-dowland\/#primaryimage"},"datePublished":"2020-04-26T18:00:34+00:00","dateModified":"2020-05-31T07:28:25+00:00","breadcrumb":{"@id":"https:\/\/latraversiere.fr\/webzine\/facture\/les-concerts-de-pan-episode-7-jacob-van-eyck-john-dowland\/#breadcrumb"},"inLanguage":"en-US","potentialAction":[{"@type":"ReadAction","target":["https:\/\/latraversiere.fr\/webzine\/facture\/les-concerts-de-pan-episode-7-jacob-van-eyck-john-dowland\/"]}]},{"@type":"BreadcrumbList","@id":"https:\/\/latraversiere.fr\/webzine\/facture\/les-concerts-de-pan-episode-7-jacob-van-eyck-john-dowland\/#breadcrumb","itemListElement":[{"@type":"ListItem","position":1,"name":"Accueil","item":"https:\/\/latraversiere.fr\/"},{"@type":"ListItem","position":2,"name":"Les Concerts de Pan \u2013 Episode 7 \u2013 Jacob VAN EYCK &#038; John DOWLAND"}]},{"@type":"Article","@id":"https:\/\/latraversiere.fr\/webzine\/facture\/les-concerts-de-pan-episode-7-jacob-van-eyck-john-dowland\/#article","isPartOf":{"@id":"https:\/\/latraversiere.fr\/webzine\/facture\/les-concerts-de-pan-episode-7-jacob-van-eyck-john-dowland\/#webpage"},"author":{"@id":"https:\/\/latraversiere.fr\/#\/schema\/person\/49ed1d29827f483eda3a44dec9c62b39"},"headline":"Les Concerts de Pan \u2013 Episode 7 \u2013 Jacob VAN EYCK &#038; John DOWLAND","datePublished":"2020-04-26T18:00:34+00:00","dateModified":"2020-05-31T07:28:25+00:00","mainEntityOfPage":{"@id":"https:\/\/latraversiere.fr\/webzine\/facture\/les-concerts-de-pan-episode-7-jacob-van-eyck-john-dowland\/#webpage"},"wordCount":79,"publisher":{"@id":"https:\/\/latraversiere.fr\/#organization"},"image":{"@id":"https:\/\/latraversiere.fr\/webzine\/facture\/les-concerts-de-pan-episode-7-jacob-van-eyck-john-dowland\/#primaryimage"},"thumbnailUrl":"https:\/\/latraversiere.fr\/wp-content\/uploads\/2020\/05\/6-VAN-EYCK-Der-Fluyten-Lust-Hof.jpg","keywords":["Alexis Kossenko"],"articleSection":["Facture","Histoire"],"inLanguage":"en-US"},{"@type":"Person","@id":"https:\/\/latraversiere.fr\/#\/schema\/person\/49ed1d29827f483eda3a44dec9c62b39","name":"Thomas MALLET","image":{"@type":"ImageObject","@id":"https:\/\/latraversiere.fr\/#personlogo","inLanguage":"en-US","url":"https:\/\/secure.gravatar.com\/avatar\/74ac6f0286bcefc0974d6d00c3f96d33?s=96&d=mm&r=g","contentUrl":"https:\/\/secure.gravatar.com\/avatar\/74ac6f0286bcefc0974d6d00c3f96d33?s=96&d=mm&r=g","caption":"Thomas MALLET"}}]}},"_links":{"self":[{"href":"https:\/\/latraversiere.fr\/en\/wp-json\/wp\/v2\/posts\/9992"}],"collection":[{"href":"https:\/\/latraversiere.fr\/en\/wp-json\/wp\/v2\/posts"}],"about":[{"href":"https:\/\/latraversiere.fr\/en\/wp-json\/wp\/v2\/types\/post"}],"author":[{"embeddable":true,"href":"https:\/\/latraversiere.fr\/en\/wp-json\/wp\/v2\/users\/1"}],"replies":[{"embeddable":true,"href":"https:\/\/latraversiere.fr\/en\/wp-json\/wp\/v2\/comments?post=9992"}],"version-history":[{"count":3,"href":"https:\/\/latraversiere.fr\/en\/wp-json\/wp\/v2\/posts\/9992\/revisions"}],"predecessor-version":[{"id":10014,"href":"https:\/\/latraversiere.fr\/en\/wp-json\/wp\/v2\/posts\/9992\/revisions\/10014"}],"wp:featuredmedia":[{"embeddable":true,"href":"https:\/\/latraversiere.fr\/en\/wp-json\/wp\/v2\/media\/9990"}],"wp:attachment":[{"href":"https:\/\/latraversiere.fr\/en\/wp-json\/wp\/v2\/media?parent=9992"}],"wp:term":[{"taxonomy":"category","embeddable":true,"href":"https:\/\/latraversiere.fr\/en\/wp-json\/wp\/v2\/categories?post=9992"},{"taxonomy":"post_tag","embeddable":true,"href":"https:\/\/latraversiere.fr\/en\/wp-json\/wp\/v2\/tags?post=9992"}],"curies":[{"name":"wp","href":"https:\/\/api.w.org\/{rel}","templated":true}]}}